{"id":10493,"date":"2022-03-14T07:24:08","date_gmt":"2022-03-14T06:24:08","guid":{"rendered":"https:\/\/ggba.swiss\/chf-7-millions-pour-le-container-intelligent-daeler-technologies\/"},"modified":"2023-07-04T13:43:52","modified_gmt":"2023-07-04T11:43:52","slug":"chf-7-millions-pour-le-container-intelligent-daeler-technologies","status":"publish","type":"post","link":"https:\/\/ggba.swiss\/fr\/chf-7-millions-pour-le-container-intelligent-daeler-technologies\/","title":{"rendered":"CHF 7 millions pour le container intelligent d&rsquo;Aeler Technologies"},"content":{"rendered":"\n<p>\u00c0 l&rsquo;\u00e9t\u00e9 2021, Aeler Technologies a <a href=\"https:\/\/ggba.swiss\/aeler-technologies-devoile-son-container-du-futur\/\" target=\"_blank\" rel=\"noopener\">d\u00e9voil\u00e9 son container de transport intelligent r\u00e9volutionnaire<\/a>, qui r\u00e9duit consid\u00e9rablement les co\u00fbts op\u00e9rationnels et les \u00e9missions de CO2.<\/p>\n<p>La soci\u00e9t\u00e9 vient de lever CHF 7 millions lors d&rsquo;un tour de financement de pr\u00e9-s\u00e9rie A tr\u00e8s largement d\u00e9pass\u00e9. Parmi les investisseurs figurent les sp\u00e9cialistes du financement <a href=\"https:\/\/www.decisive.com\/\" target=\"_blank\" rel=\"noopener\">Decisive<\/a>, MACV, Tiger8, <a href=\"https:\/\/www.virtual-network.com\/\" target=\"_blank\" rel=\"noopener\">Virtual Network<\/a> et des noms connus comme <a href=\"http:\/\/aasons.io\/\" target=\"_blank\" rel=\"noopener\">AA Sons<\/a> (famille d&rsquo;opticiens Afflelou) ainsi que des poids lourds du secteur de la logistique.<\/p>\n<p>Le Co-CEO David Baur a d\u00e9clar\u00e9 : \u00ab\u00a0L&rsquo;industrie de la logistique est m\u00fbre pour une nouvelle perc\u00e9e technologique. Avec le conteneur Aeler, nous remettons en cause les fondements m\u00eames de cette industrie qui p\u00e8se des milliards de dollars.\u00a0\u00bb<\/p>\n<p>Le <a href=\"https:\/\/www.aeler.com\/\" target=\"_blank\" rel=\"noopener\">container UNIT ONE d&rsquo;Aeler<\/a> est l\u00e9ger, robuste, isol\u00e9, intelligent et peut \u00e9galement contenir une charge utile plus importante. Il est con\u00e7u pour remplacer le conteneur d&rsquo;exp\u00e9dition en acier vieux de 60 ans qui est au c\u0153ur de cette industrie.<\/p>\n<h4>Le label Solar Impulse et de multiples avantages<\/h4>\n<p>Selon Aeler Technologies, les principaux avantages du container UNIT ONE sont une r\u00e9duction de 20 % des \u00e9missions de CO2 gr\u00e2ce \u00e0 sa charge utile suppl\u00e9mentaire et \u00e0 son design a\u00e9rodynamique, un volume de stockage suppl\u00e9mentaire de 11 % (jusqu&rsquo;\u00e0 17 % pour les flexitanks) gr\u00e2ce \u00e0 l&rsquo;int\u00e9rieur plat du container, ainsi qu&rsquo;une r\u00e9duction drastique des variations de temp\u00e9rature gr\u00e2ce \u00e0 l&rsquo;isolation structurelle du container. Il s&rsquo;agit d&rsquo;une v\u00e9ritable alternative aux \u00ab reefers \u00bb (conteneurs frigorifiques \u00e9nergivores) pour les marchandises plus d\u00e9licates.<\/p>\n<p>Ce financement est destin\u00e9 \u00e0 r\u00e9pondre \u00e0 la demande en forte croissance pour la nouvelle g\u00e9n\u00e9ration de containers d&rsquo;Aeler et \u00e0 d\u00e9velopper son service CAAS (Container As A Service), un mod\u00e8le innovant bas\u00e9 sur l&rsquo;abonnement qui donne aux clients un acc\u00e8s rapide et flexible aux containers d&rsquo;Aeler.<\/p>\n<p>Bertrand Piccard, explorateur c\u00e9l\u00e8bre et pionnier des technologies propres, a d\u00e9clar\u00e9 : \u00ab\u00a0Le label <a href=\"https:\/\/solarimpulse.com\/\" target=\"_blank\" rel=\"noopener\">Solar Impulse<\/a> existe pour montrer aux gouvernements et aux chefs d&rsquo;entreprise que les solutions qui sont bonnes pour l&rsquo;environnement repr\u00e9sentent la plus grande opportunit\u00e9 de march\u00e9 de notre si\u00e8cle. Nous avons <a href=\"https:\/\/solarimpulse.com\/companies\/aeler-technologies-sa\" target=\"_blank\" rel=\"noopener\">labellis\u00e9 Aeler en 2019<\/a> et ce financement confirme que les investisseurs reconnaissent \u00e9galement le potentiel d&rsquo;Aeler.\u00a0\u00bb<\/p>\n","protected":false},"excerpt":{"rendered":"<p>Gr\u00e2ce \u00e0 sa charge utile suppl\u00e9mentaire et \u00e0 son design a\u00e9rodynamique r\u00e9duisant les \u00e9missions de CO2 de 20 %, le container UNIT ONE d\u2019Aeler Techologies a lev\u00e9 CHF 7 millions pour mieux r\u00e9pondre \u00e0 une demande croissante et permettre un \u00e9largissement de l\u2019offre.<\/p>\n","protected":false},"author":3,"featured_media":10494,"comment_status":"closed","ping_status":"closed","sticky":false,"template":"","format":"standard","meta":{"_acf_changed":false,"inline_featured_image":false,"mc4wp_mailchimp_campaign":[],"footnotes":""},"categories":[845],"tags":[1041,1055,1057],"class_list":["post-10493","post","type-post","status-publish","format-standard","has-post-thumbnail","hentry","category-tech","tag-financing-fr","tag-iot-fr","tag-logistics-fr"],"acf":[],"yoast_head":"<!-- This site is optimized with the Yoast SEO plugin v27.2 - https:\/\/yoast.com\/product\/yoast-seo-wordpress\/ -->\n<title>CHF 7 millions pour le container intelligent d&#039;Aeler Technologies - Greater Geneva Bern area<\/title>\n<meta name=\"robots\" content=\"index, follow, max-snippet:-1, max-image-preview:large, max-video-preview:-1\" \/>\n<link rel=\"canonical\" href=\"https:\/\/ggba.swiss\/fr\/chf-7-millions-pour-le-container-intelligent-daeler-technologies\/\" \/>\n<meta property=\"og:locale\" content=\"fr_FR\" \/>\n<meta property=\"og:type\" content=\"article\" \/>\n<meta property=\"og:title\" content=\"CHF 7 millions pour le container intelligent d&#039;Aeler Technologies - Greater Geneva Bern area\" \/>\n<meta property=\"og:description\" content=\"Gr\u00e2ce \u00e0 sa charge utile suppl\u00e9mentaire et \u00e0 son design a\u00e9rodynamique r\u00e9duisant les \u00e9missions de CO2 de 20 %, le container UNIT ONE d\u2019Aeler Techologies a lev\u00e9 CHF 7 millions pour mieux r\u00e9pondre \u00e0 une demande croissante et permettre un \u00e9largissement de l\u2019offre.\" \/>\n<meta property=\"og:url\" content=\"https:\/\/ggba.swiss\/fr\/chf-7-millions-pour-le-container-intelligent-daeler-technologies\/\" \/>\n<meta property=\"og:site_name\" content=\"Greater Geneva Bern area\" \/>\n<meta property=\"article:published_time\" content=\"2022-03-14T06:24:08+00:00\" \/>\n<meta property=\"article:modified_time\" content=\"2023-07-04T11:43:52+00:00\" \/>\n<meta property=\"og:image\" content=\"https:\/\/staging.ggba.swiss\/app\/uploads\/2023\/06\/AELER-Technologies-Bertrand-Picard-630x380-1-2.jpeg\" \/>\n\t<meta property=\"og:image:width\" content=\"630\" \/>\n\t<meta property=\"og:image:height\" content=\"380\" \/>\n\t<meta property=\"og:image:type\" content=\"image\/jpeg\" \/>\n<meta name=\"author\" content=\"mathieu\" \/>\n<meta name=\"twitter:card\" content=\"summary_large_image\" \/>\n<meta name=\"twitter:label1\" content=\"\u00c9crit par\" \/>\n\t<meta name=\"twitter:data1\" content=\"mathieu\" \/>\n\t<meta name=\"twitter:label2\" content=\"Dur\u00e9e de lecture estim\u00e9e\" \/>\n\t<meta name=\"twitter:data2\" content=\"2 minutes\" \/>\n<script type=\"application\/ld+json\" class=\"yoast-schema-graph\">{\"@context\":\"https:\/\/schema.org\",\"@graph\":[{\"@type\":\"Article\",\"@id\":\"https:\/\/ggba.swiss\/fr\/chf-7-millions-pour-le-container-intelligent-daeler-technologies\/#article\",\"isPartOf\":{\"@id\":\"https:\/\/ggba.swiss\/fr\/chf-7-millions-pour-le-container-intelligent-daeler-technologies\/\"},\"author\":{\"name\":\"mathieu\",\"@id\":\"https:\/\/staging.ggba.swiss\/en\/#\/schema\/person\/de091cdfd7d8bce46f9b8b1cf9d868ab\"},\"headline\":\"CHF 7 millions pour le container intelligent d&rsquo;Aeler Technologies\",\"datePublished\":\"2022-03-14T06:24:08+00:00\",\"dateModified\":\"2023-07-04T11:43:52+00:00\",\"mainEntityOfPage\":{\"@id\":\"https:\/\/ggba.swiss\/fr\/chf-7-millions-pour-le-container-intelligent-daeler-technologies\/\"},\"wordCount\":400,\"image\":{\"@id\":\"https:\/\/ggba.swiss\/fr\/chf-7-millions-pour-le-container-intelligent-daeler-technologies\/#primaryimage\"},\"thumbnailUrl\":\"https:\/\/ggba.swiss\/app\/uploads\/2023\/06\/AELER-Technologies-Bertrand-Picard-630x380-1-2.jpeg\",\"keywords\":[\"Financing\",\"IoT\",\"Logistics\"],\"articleSection\":[\"Tech\"],\"inLanguage\":\"fr-FR\"},{\"@type\":\"WebPage\",\"@id\":\"https:\/\/ggba.swiss\/fr\/chf-7-millions-pour-le-container-intelligent-daeler-technologies\/\",\"url\":\"https:\/\/ggba.swiss\/fr\/chf-7-millions-pour-le-container-intelligent-daeler-technologies\/\",\"name\":\"CHF 7 millions pour le container intelligent d'Aeler Technologies - Greater Geneva Bern area\",\"isPartOf\":{\"@id\":\"https:\/\/staging.ggba.swiss\/en\/#website\"},\"primaryImageOfPage\":{\"@id\":\"https:\/\/ggba.swiss\/fr\/chf-7-millions-pour-le-container-intelligent-daeler-technologies\/#primaryimage\"},\"image\":{\"@id\":\"https:\/\/ggba.swiss\/fr\/chf-7-millions-pour-le-container-intelligent-daeler-technologies\/#primaryimage\"},\"thumbnailUrl\":\"https:\/\/ggba.swiss\/app\/uploads\/2023\/06\/AELER-Technologies-Bertrand-Picard-630x380-1-2.jpeg\",\"datePublished\":\"2022-03-14T06:24:08+00:00\",\"dateModified\":\"2023-07-04T11:43:52+00:00\",\"author\":{\"@id\":\"https:\/\/staging.ggba.swiss\/en\/#\/schema\/person\/de091cdfd7d8bce46f9b8b1cf9d868ab\"},\"breadcrumb\":{\"@id\":\"https:\/\/ggba.swiss\/fr\/chf-7-millions-pour-le-container-intelligent-daeler-technologies\/#breadcrumb\"},\"inLanguage\":\"fr-FR\",\"potentialAction\":[{\"@type\":\"ReadAction\",\"target\":[\"https:\/\/ggba.swiss\/fr\/chf-7-millions-pour-le-container-intelligent-daeler-technologies\/\"]}]},{\"@type\":\"ImageObject\",\"inLanguage\":\"fr-FR\",\"@id\":\"https:\/\/ggba.swiss\/fr\/chf-7-millions-pour-le-container-intelligent-daeler-technologies\/#primaryimage\",\"url\":\"https:\/\/ggba.swiss\/app\/uploads\/2023\/06\/AELER-Technologies-Bertrand-Picard-630x380-1-2.jpeg\",\"contentUrl\":\"https:\/\/ggba.swiss\/app\/uploads\/2023\/06\/AELER-Technologies-Bertrand-Picard-630x380-1-2.jpeg\",\"width\":630,\"height\":380},{\"@type\":\"BreadcrumbList\",\"@id\":\"https:\/\/ggba.swiss\/fr\/chf-7-millions-pour-le-container-intelligent-daeler-technologies\/#breadcrumb\",\"itemListElement\":[{\"@type\":\"ListItem\",\"position\":1,\"name\":\"Home\",\"item\":\"https:\/\/ggba.swiss\/fr\/\"},{\"@type\":\"ListItem\",\"position\":2,\"name\":\"CHF 7 millions pour le container intelligent d&rsquo;Aeler Technologies\"}]},{\"@type\":\"WebSite\",\"@id\":\"https:\/\/staging.ggba.swiss\/en\/#website\",\"url\":\"https:\/\/staging.ggba.swiss\/en\/\",\"name\":\"Greater Geneva Bern area\",\"description\":\"\",\"potentialAction\":[{\"@type\":\"SearchAction\",\"target\":{\"@type\":\"EntryPoint\",\"urlTemplate\":\"https:\/\/staging.ggba.swiss\/en\/?s={search_term_string}\"},\"query-input\":{\"@type\":\"PropertyValueSpecification\",\"valueRequired\":true,\"valueName\":\"search_term_string\"}}],\"inLanguage\":\"fr-FR\"},{\"@type\":\"Person\",\"@id\":\"https:\/\/staging.ggba.swiss\/en\/#\/schema\/person\/de091cdfd7d8bce46f9b8b1cf9d868ab\",\"name\":\"mathieu\",\"url\":\"https:\/\/ggba.swiss\/fr\/author\/mathieu\/\"}]}<\/script>\n<!-- \/ Yoast SEO plugin. -->","yoast_head_json":{"title":"CHF 7 millions pour le container intelligent d'Aeler Technologies - Greater Geneva Bern area","robots":{"index":"index","follow":"follow","max-snippet":"max-snippet:-1","max-image-preview":"max-image-preview:large","max-video-preview":"max-video-preview:-1"},"canonical":"https:\/\/ggba.swiss\/fr\/chf-7-millions-pour-le-container-intelligent-daeler-technologies\/","og_locale":"fr_FR","og_type":"article","og_title":"CHF 7 millions pour le container intelligent d'Aeler Technologies - Greater Geneva Bern area","og_description":"Gr\u00e2ce \u00e0 sa charge utile suppl\u00e9mentaire et \u00e0 son design a\u00e9rodynamique r\u00e9duisant les \u00e9missions de CO2 de 20 %, le container UNIT ONE d\u2019Aeler Techologies a lev\u00e9 CHF 7 millions pour mieux r\u00e9pondre \u00e0 une demande croissante et permettre un \u00e9largissement de l\u2019offre.","og_url":"https:\/\/ggba.swiss\/fr\/chf-7-millions-pour-le-container-intelligent-daeler-technologies\/","og_site_name":"Greater Geneva Bern area","article_published_time":"2022-03-14T06:24:08+00:00","article_modified_time":"2023-07-04T11:43:52+00:00","og_image":[{"width":630,"height":380,"url":"https:\/\/staging.ggba.swiss\/app\/uploads\/2023\/06\/AELER-Technologies-Bertrand-Picard-630x380-1-2.jpeg","type":"image\/jpeg"}],"author":"mathieu","twitter_card":"summary_large_image","twitter_misc":{"\u00c9crit par":"mathieu","Dur\u00e9e de lecture estim\u00e9e":"2 minutes"},"schema":{"@context":"https:\/\/schema.org","@graph":[{"@type":"Article","@id":"https:\/\/ggba.swiss\/fr\/chf-7-millions-pour-le-container-intelligent-daeler-technologies\/#article","isPartOf":{"@id":"https:\/\/ggba.swiss\/fr\/chf-7-millions-pour-le-container-intelligent-daeler-technologies\/"},"author":{"name":"mathieu","@id":"https:\/\/staging.ggba.swiss\/en\/#\/schema\/person\/de091cdfd7d8bce46f9b8b1cf9d868ab"},"headline":"CHF 7 millions pour le container intelligent d&rsquo;Aeler Technologies","datePublished":"2022-03-14T06:24:08+00:00","dateModified":"2023-07-04T11:43:52+00:00","mainEntityOfPage":{"@id":"https:\/\/ggba.swiss\/fr\/chf-7-millions-pour-le-container-intelligent-daeler-technologies\/"},"wordCount":400,"image":{"@id":"https:\/\/ggba.swiss\/fr\/chf-7-millions-pour-le-container-intelligent-daeler-technologies\/#primaryimage"},"thumbnailUrl":"https:\/\/ggba.swiss\/app\/uploads\/2023\/06\/AELER-Technologies-Bertrand-Picard-630x380-1-2.jpeg","keywords":["Financing","IoT","Logistics"],"articleSection":["Tech"],"inLanguage":"fr-FR"},{"@type":"WebPage","@id":"https:\/\/ggba.swiss\/fr\/chf-7-millions-pour-le-container-intelligent-daeler-technologies\/","url":"https:\/\/ggba.swiss\/fr\/chf-7-millions-pour-le-container-intelligent-daeler-technologies\/","name":"CHF 7 millions pour le container intelligent d'Aeler Technologies - Greater Geneva Bern area","isPartOf":{"@id":"https:\/\/staging.ggba.swiss\/en\/#website"},"primaryImageOfPage":{"@id":"https:\/\/ggba.swiss\/fr\/chf-7-millions-pour-le-container-intelligent-daeler-technologies\/#primaryimage"},"image":{"@id":"https:\/\/ggba.swiss\/fr\/chf-7-millions-pour-le-container-intelligent-daeler-technologies\/#primaryimage"},"thumbnailUrl":"https:\/\/ggba.swiss\/app\/uploads\/2023\/06\/AELER-Technologies-Bertrand-Picard-630x380-1-2.jpeg","datePublished":"2022-03-14T06:24:08+00:00","dateModified":"2023-07-04T11:43:52+00:00","author":{"@id":"https:\/\/staging.ggba.swiss\/en\/#\/schema\/person\/de091cdfd7d8bce46f9b8b1cf9d868ab"},"breadcrumb":{"@id":"https:\/\/ggba.swiss\/fr\/chf-7-millions-pour-le-container-intelligent-daeler-technologies\/#breadcrumb"},"inLanguage":"fr-FR","potentialAction":[{"@type":"ReadAction","target":["https:\/\/ggba.swiss\/fr\/chf-7-millions-pour-le-container-intelligent-daeler-technologies\/"]}]},{"@type":"ImageObject","inLanguage":"fr-FR","@id":"https:\/\/ggba.swiss\/fr\/chf-7-millions-pour-le-container-intelligent-daeler-technologies\/#primaryimage","url":"https:\/\/ggba.swiss\/app\/uploads\/2023\/06\/AELER-Technologies-Bertrand-Picard-630x380-1-2.jpeg","contentUrl":"https:\/\/ggba.swiss\/app\/uploads\/2023\/06\/AELER-Technologies-Bertrand-Picard-630x380-1-2.jpeg","width":630,"height":380},{"@type":"BreadcrumbList","@id":"https:\/\/ggba.swiss\/fr\/chf-7-millions-pour-le-container-intelligent-daeler-technologies\/#breadcrumb","itemListElement":[{"@type":"ListItem","position":1,"name":"Home","item":"https:\/\/ggba.swiss\/fr\/"},{"@type":"ListItem","position":2,"name":"CHF 7 millions pour le container intelligent d&rsquo;Aeler Technologies"}]},{"@type":"WebSite","@id":"https:\/\/staging.ggba.swiss\/en\/#website","url":"https:\/\/staging.ggba.swiss\/en\/","name":"Greater Geneva Bern area","description":"","potentialAction":[{"@type":"SearchAction","target":{"@type":"EntryPoint","urlTemplate":"https:\/\/staging.ggba.swiss\/en\/?s={search_term_string}"},"query-input":{"@type":"PropertyValueSpecification","valueRequired":true,"valueName":"search_term_string"}}],"inLanguage":"fr-FR"},{"@type":"Person","@id":"https:\/\/staging.ggba.swiss\/en\/#\/schema\/person\/de091cdfd7d8bce46f9b8b1cf9d868ab","name":"mathieu","url":"https:\/\/ggba.swiss\/fr\/author\/mathieu\/"}]}},"_links":{"self":[{"href":"https:\/\/ggba.swiss\/fr\/wp-json\/wp\/v2\/posts\/10493","targetHints":{"allow":["GET"]}}],"collection":[{"href":"https:\/\/ggba.swiss\/fr\/wp-json\/wp\/v2\/posts"}],"about":[{"href":"https:\/\/ggba.swiss\/fr\/wp-json\/wp\/v2\/types\/post"}],"author":[{"embeddable":true,"href":"https:\/\/ggba.swiss\/fr\/wp-json\/wp\/v2\/users\/3"}],"replies":[{"embeddable":true,"href":"https:\/\/ggba.swiss\/fr\/wp-json\/wp\/v2\/comments?post=10493"}],"version-history":[{"count":1,"href":"https:\/\/ggba.swiss\/fr\/wp-json\/wp\/v2\/posts\/10493\/revisions"}],"predecessor-version":[{"id":18107,"href":"https:\/\/ggba.swiss\/fr\/wp-json\/wp\/v2\/posts\/10493\/revisions\/18107"}],"wp:featuredmedia":[{"embeddable":true,"href":"https:\/\/ggba.swiss\/fr\/wp-json\/wp\/v2\/media\/10494"}],"wp:attachment":[{"href":"https:\/\/ggba.swiss\/fr\/wp-json\/wp\/v2\/media?parent=10493"}],"wp:term":[{"taxonomy":"category","embeddable":true,"href":"https:\/\/ggba.swiss\/fr\/wp-json\/wp\/v2\/categories?post=10493"},{"taxonomy":"post_tag","embeddable":true,"href":"https:\/\/ggba.swiss\/fr\/wp-json\/wp\/v2\/tags?post=10493"}],"curies":[{"name":"wp","href":"https:\/\/api.w.org\/{rel}","templated":true}]}}