{"id":10877,"date":"2022-07-06T09:17:47","date_gmt":"2022-07-06T07:17:47","guid":{"rendered":"https:\/\/ggba.swiss\/swiss-digital-center-la-vitrine-de-la-digitalisation-en-valais\/"},"modified":"2023-07-04T13:44:01","modified_gmt":"2023-07-04T11:44:01","slug":"swiss-digital-center-la-vitrine-de-la-digitalisation-en-valais","status":"publish","type":"post","link":"https:\/\/ggba.swiss\/fr\/swiss-digital-center-la-vitrine-de-la-digitalisation-en-valais\/","title":{"rendered":"Swiss Digital Center\u2009: la vitrine de la digitalisation en Valais"},"content":{"rendered":"\n<p>En f\u00e9vrier 2021, l\u2019Etat du Valais, la ville de Sierre, la <a href=\"https:\/\/www.theark.ch\/fr\/\" target=\"_blank\" rel=\"noopener\">Fondation The Ark<\/a>, <a href=\"https:\/\/www.technopole.ch\/\" target=\"_blank\" rel=\"noopener\">Techno-p\u00f4le Sierre SA<\/a> et la <a href=\"https:\/\/www.hevs.ch\/fr\/\" target=\"_blank\" rel=\"noopener\">HES-SO Valais-Wallis<\/a> ont uni leurs comp\u00e9tences au sein du Swiss Digital Center en signant une convention de partenariat.<\/p>\n<p>La volont\u00e9 est de r\u00e9unir les domaines de la formation, de la recherche et de l\u2019\u00e9conomie afin de relever les d\u00e9fis de la transformation digitale et num\u00e9rique. Aujourd\u2019hui, le nouveau site web du\u00a0<a href=\"https:\/\/swissdigitalcenter.ch\/fr\/\" target=\"_blank\" rel=\"noopener\">Swiss Digital Center<\/a>\u00a0met en avant cette volont\u00e9.<\/p>\n<p>La nouvelle identit\u00e9 du site web du Swiss Digital Center permet de rappeler que le Centre est bas\u00e9 \u00e0 Sierre, mais surtout que ses prestations sont ancr\u00e9es et disponibles pour l\u2019ensemble du canton du Valais. Le nouveau site est d\u2019ailleurs \u00e0 disposition pour relayer les actualit\u00e9s en lien avec la digitalisation. Le nouveau site internet est \u00e0 disposition de toutes les entreprises, instituts de recherche et \u00e9coles qui souhaitent mettre en avant leurs actualit\u00e9s en lien avec la digitalisation.<\/p>\n<h4>Un \u00e9cosyst\u00e8me d\u00e9di\u00e9 \u00e0 l\u2019accompagnement de l\u2019\u00e9conomie dans la transition num\u00e9rique<\/h4>\n<p>La constitution du Swiss Digital Center en 2021 a pour vocation de soutenir les entreprises locales et \u00e0 cr\u00e9er un environnement propice au d\u00e9veloppement de nouvelles technologies et de formations continues pour accompagner l\u2019\u00e9conomie dans la transition num\u00e9rique.<\/p>\n<p>L\u2019objectif du Swiss Digital Center est d\u2019exploiter au mieux les potentiels de la digitalisation pour retenir les cerveaux par la qualit\u00e9 et la diversit\u00e9 des emplois cr\u00e9\u00e9s ainsi que d\u2019attirer des talents et des entreprises.<\/p>\n<p>Le canton du Valais se positionne ainsi au plan national et international comme un acteur reconnu en mati\u00e8re de formation digitale, de d\u00e9veloppement et de services digitalis\u00e9s.<\/p>\n","protected":false},"excerpt":{"rendered":"<p>Le Swiss Digital Center incarne la strat\u00e9gie cantonale valaisanne en lien avec la digitalisation. Pour mat\u00e9rialiser cette intention, le nouveau site web du centre reprend d\u00e9sormais les codes graphiques de la marque Valais.<\/p>\n","protected":false},"author":3,"featured_media":10878,"comment_status":"closed","ping_status":"closed","sticky":false,"template":"","format":"standard","meta":{"_acf_changed":false,"inline_featured_image":false,"mc4wp_mailchimp_campaign":[],"footnotes":""},"categories":[851],"tags":[1034,1038],"class_list":["post-10877","post","type-post","status-publish","format-standard","has-post-thumbnail","hentry","category-talent","tag-digital-transformation-2","tag-education-fr"],"acf":[],"yoast_head":"<!-- This site is optimized with the Yoast SEO plugin v27.2 - https:\/\/yoast.com\/product\/yoast-seo-wordpress\/ -->\n<title>Swiss Digital Center\u2009: la vitrine de la digitalisation en Valais - Greater Geneva Bern area<\/title>\n<meta name=\"robots\" content=\"index, follow, max-snippet:-1, max-image-preview:large, max-video-preview:-1\" \/>\n<link rel=\"canonical\" href=\"https:\/\/ggba.swiss\/fr\/swiss-digital-center-la-vitrine-de-la-digitalisation-en-valais\/\" \/>\n<meta property=\"og:locale\" content=\"fr_FR\" \/>\n<meta property=\"og:type\" content=\"article\" \/>\n<meta property=\"og:title\" content=\"Swiss Digital Center\u2009: la vitrine de la digitalisation en Valais - Greater Geneva Bern area\" \/>\n<meta property=\"og:description\" content=\"Le Swiss Digital Center incarne la strat\u00e9gie cantonale valaisanne en lien avec la digitalisation. Pour mat\u00e9rialiser cette intention, le nouveau site web du centre reprend d\u00e9sormais les codes graphiques de la marque Valais.\" \/>\n<meta property=\"og:url\" content=\"https:\/\/ggba.swiss\/fr\/swiss-digital-center-la-vitrine-de-la-digitalisation-en-valais\/\" \/>\n<meta property=\"og:site_name\" content=\"Greater Geneva Bern area\" \/>\n<meta property=\"article:published_time\" content=\"2022-07-06T07:17:47+00:00\" \/>\n<meta property=\"article:modified_time\" content=\"2023-07-04T11:44:01+00:00\" \/>\n<meta property=\"og:image\" content=\"https:\/\/staging.ggba.swiss\/app\/uploads\/2023\/06\/swiss-digital-center-630x380-1-2.jpeg\" \/>\n\t<meta property=\"og:image:width\" content=\"630\" \/>\n\t<meta property=\"og:image:height\" content=\"380\" \/>\n\t<meta property=\"og:image:type\" content=\"image\/jpeg\" \/>\n<meta name=\"author\" content=\"mathieu\" \/>\n<meta name=\"twitter:card\" content=\"summary_large_image\" \/>\n<meta name=\"twitter:label1\" content=\"\u00c9crit par\" \/>\n\t<meta name=\"twitter:data1\" content=\"mathieu\" \/>\n\t<meta name=\"twitter:label2\" content=\"Dur\u00e9e de lecture estim\u00e9e\" \/>\n\t<meta name=\"twitter:data2\" content=\"1 minute\" \/>\n<script type=\"application\/ld+json\" class=\"yoast-schema-graph\">{\"@context\":\"https:\/\/schema.org\",\"@graph\":[{\"@type\":\"Article\",\"@id\":\"https:\/\/ggba.swiss\/fr\/swiss-digital-center-la-vitrine-de-la-digitalisation-en-valais\/#article\",\"isPartOf\":{\"@id\":\"https:\/\/ggba.swiss\/fr\/swiss-digital-center-la-vitrine-de-la-digitalisation-en-valais\/\"},\"author\":{\"name\":\"mathieu\",\"@id\":\"https:\/\/staging.ggba.swiss\/en\/#\/schema\/person\/de091cdfd7d8bce46f9b8b1cf9d868ab\"},\"headline\":\"Swiss Digital Center\u2009: la vitrine de la digitalisation en Valais\",\"datePublished\":\"2022-07-06T07:17:47+00:00\",\"dateModified\":\"2023-07-04T11:44:01+00:00\",\"mainEntityOfPage\":{\"@id\":\"https:\/\/ggba.swiss\/fr\/swiss-digital-center-la-vitrine-de-la-digitalisation-en-valais\/\"},\"wordCount\":301,\"image\":{\"@id\":\"https:\/\/ggba.swiss\/fr\/swiss-digital-center-la-vitrine-de-la-digitalisation-en-valais\/#primaryimage\"},\"thumbnailUrl\":\"https:\/\/ggba.swiss\/app\/uploads\/2023\/06\/swiss-digital-center-630x380-1-2.jpeg\",\"keywords\":[\"Digital Transformation\",\"Education\"],\"articleSection\":[\"Talent\"],\"inLanguage\":\"fr-FR\"},{\"@type\":\"WebPage\",\"@id\":\"https:\/\/ggba.swiss\/fr\/swiss-digital-center-la-vitrine-de-la-digitalisation-en-valais\/\",\"url\":\"https:\/\/ggba.swiss\/fr\/swiss-digital-center-la-vitrine-de-la-digitalisation-en-valais\/\",\"name\":\"Swiss Digital Center\u2009: la vitrine de la digitalisation en Valais - Greater Geneva Bern area\",\"isPartOf\":{\"@id\":\"https:\/\/staging.ggba.swiss\/en\/#website\"},\"primaryImageOfPage\":{\"@id\":\"https:\/\/ggba.swiss\/fr\/swiss-digital-center-la-vitrine-de-la-digitalisation-en-valais\/#primaryimage\"},\"image\":{\"@id\":\"https:\/\/ggba.swiss\/fr\/swiss-digital-center-la-vitrine-de-la-digitalisation-en-valais\/#primaryimage\"},\"thumbnailUrl\":\"https:\/\/ggba.swiss\/app\/uploads\/2023\/06\/swiss-digital-center-630x380-1-2.jpeg\",\"datePublished\":\"2022-07-06T07:17:47+00:00\",\"dateModified\":\"2023-07-04T11:44:01+00:00\",\"author\":{\"@id\":\"https:\/\/staging.ggba.swiss\/en\/#\/schema\/person\/de091cdfd7d8bce46f9b8b1cf9d868ab\"},\"breadcrumb\":{\"@id\":\"https:\/\/ggba.swiss\/fr\/swiss-digital-center-la-vitrine-de-la-digitalisation-en-valais\/#breadcrumb\"},\"inLanguage\":\"fr-FR\",\"potentialAction\":[{\"@type\":\"ReadAction\",\"target\":[\"https:\/\/ggba.swiss\/fr\/swiss-digital-center-la-vitrine-de-la-digitalisation-en-valais\/\"]}]},{\"@type\":\"ImageObject\",\"inLanguage\":\"fr-FR\",\"@id\":\"https:\/\/ggba.swiss\/fr\/swiss-digital-center-la-vitrine-de-la-digitalisation-en-valais\/#primaryimage\",\"url\":\"https:\/\/ggba.swiss\/app\/uploads\/2023\/06\/swiss-digital-center-630x380-1-2.jpeg\",\"contentUrl\":\"https:\/\/ggba.swiss\/app\/uploads\/2023\/06\/swiss-digital-center-630x380-1-2.jpeg\",\"width\":630,\"height\":380},{\"@type\":\"BreadcrumbList\",\"@id\":\"https:\/\/ggba.swiss\/fr\/swiss-digital-center-la-vitrine-de-la-digitalisation-en-valais\/#breadcrumb\",\"itemListElement\":[{\"@type\":\"ListItem\",\"position\":1,\"name\":\"Home\",\"item\":\"https:\/\/ggba.swiss\/fr\/\"},{\"@type\":\"ListItem\",\"position\":2,\"name\":\"Swiss Digital Center\u2009: la vitrine de la digitalisation en Valais\"}]},{\"@type\":\"WebSite\",\"@id\":\"https:\/\/staging.ggba.swiss\/en\/#website\",\"url\":\"https:\/\/staging.ggba.swiss\/en\/\",\"name\":\"Greater Geneva Bern area\",\"description\":\"\",\"potentialAction\":[{\"@type\":\"SearchAction\",\"target\":{\"@type\":\"EntryPoint\",\"urlTemplate\":\"https:\/\/staging.ggba.swiss\/en\/?s={search_term_string}\"},\"query-input\":{\"@type\":\"PropertyValueSpecification\",\"valueRequired\":true,\"valueName\":\"search_term_string\"}}],\"inLanguage\":\"fr-FR\"},{\"@type\":\"Person\",\"@id\":\"https:\/\/staging.ggba.swiss\/en\/#\/schema\/person\/de091cdfd7d8bce46f9b8b1cf9d868ab\",\"name\":\"mathieu\",\"url\":\"https:\/\/ggba.swiss\/fr\/author\/mathieu\/\"}]}<\/script>\n<!-- \/ Yoast SEO plugin. -->","yoast_head_json":{"title":"Swiss Digital Center\u2009: la vitrine de la digitalisation en Valais - Greater Geneva Bern area","robots":{"index":"index","follow":"follow","max-snippet":"max-snippet:-1","max-image-preview":"max-image-preview:large","max-video-preview":"max-video-preview:-1"},"canonical":"https:\/\/ggba.swiss\/fr\/swiss-digital-center-la-vitrine-de-la-digitalisation-en-valais\/","og_locale":"fr_FR","og_type":"article","og_title":"Swiss Digital Center\u2009: la vitrine de la digitalisation en Valais - Greater Geneva Bern area","og_description":"Le Swiss Digital Center incarne la strat\u00e9gie cantonale valaisanne en lien avec la digitalisation. Pour mat\u00e9rialiser cette intention, le nouveau site web du centre reprend d\u00e9sormais les codes graphiques de la marque Valais.","og_url":"https:\/\/ggba.swiss\/fr\/swiss-digital-center-la-vitrine-de-la-digitalisation-en-valais\/","og_site_name":"Greater Geneva Bern area","article_published_time":"2022-07-06T07:17:47+00:00","article_modified_time":"2023-07-04T11:44:01+00:00","og_image":[{"width":630,"height":380,"url":"https:\/\/staging.ggba.swiss\/app\/uploads\/2023\/06\/swiss-digital-center-630x380-1-2.jpeg","type":"image\/jpeg"}],"author":"mathieu","twitter_card":"summary_large_image","twitter_misc":{"\u00c9crit par":"mathieu","Dur\u00e9e de lecture estim\u00e9e":"1 minute"},"schema":{"@context":"https:\/\/schema.org","@graph":[{"@type":"Article","@id":"https:\/\/ggba.swiss\/fr\/swiss-digital-center-la-vitrine-de-la-digitalisation-en-valais\/#article","isPartOf":{"@id":"https:\/\/ggba.swiss\/fr\/swiss-digital-center-la-vitrine-de-la-digitalisation-en-valais\/"},"author":{"name":"mathieu","@id":"https:\/\/staging.ggba.swiss\/en\/#\/schema\/person\/de091cdfd7d8bce46f9b8b1cf9d868ab"},"headline":"Swiss Digital Center\u2009: la vitrine de la digitalisation en Valais","datePublished":"2022-07-06T07:17:47+00:00","dateModified":"2023-07-04T11:44:01+00:00","mainEntityOfPage":{"@id":"https:\/\/ggba.swiss\/fr\/swiss-digital-center-la-vitrine-de-la-digitalisation-en-valais\/"},"wordCount":301,"image":{"@id":"https:\/\/ggba.swiss\/fr\/swiss-digital-center-la-vitrine-de-la-digitalisation-en-valais\/#primaryimage"},"thumbnailUrl":"https:\/\/ggba.swiss\/app\/uploads\/2023\/06\/swiss-digital-center-630x380-1-2.jpeg","keywords":["Digital Transformation","Education"],"articleSection":["Talent"],"inLanguage":"fr-FR"},{"@type":"WebPage","@id":"https:\/\/ggba.swiss\/fr\/swiss-digital-center-la-vitrine-de-la-digitalisation-en-valais\/","url":"https:\/\/ggba.swiss\/fr\/swiss-digital-center-la-vitrine-de-la-digitalisation-en-valais\/","name":"Swiss Digital Center\u2009: la vitrine de la digitalisation en Valais - Greater Geneva Bern area","isPartOf":{"@id":"https:\/\/staging.ggba.swiss\/en\/#website"},"primaryImageOfPage":{"@id":"https:\/\/ggba.swiss\/fr\/swiss-digital-center-la-vitrine-de-la-digitalisation-en-valais\/#primaryimage"},"image":{"@id":"https:\/\/ggba.swiss\/fr\/swiss-digital-center-la-vitrine-de-la-digitalisation-en-valais\/#primaryimage"},"thumbnailUrl":"https:\/\/ggba.swiss\/app\/uploads\/2023\/06\/swiss-digital-center-630x380-1-2.jpeg","datePublished":"2022-07-06T07:17:47+00:00","dateModified":"2023-07-04T11:44:01+00:00","author":{"@id":"https:\/\/staging.ggba.swiss\/en\/#\/schema\/person\/de091cdfd7d8bce46f9b8b1cf9d868ab"},"breadcrumb":{"@id":"https:\/\/ggba.swiss\/fr\/swiss-digital-center-la-vitrine-de-la-digitalisation-en-valais\/#breadcrumb"},"inLanguage":"fr-FR","potentialAction":[{"@type":"ReadAction","target":["https:\/\/ggba.swiss\/fr\/swiss-digital-center-la-vitrine-de-la-digitalisation-en-valais\/"]}]},{"@type":"ImageObject","inLanguage":"fr-FR","@id":"https:\/\/ggba.swiss\/fr\/swiss-digital-center-la-vitrine-de-la-digitalisation-en-valais\/#primaryimage","url":"https:\/\/ggba.swiss\/app\/uploads\/2023\/06\/swiss-digital-center-630x380-1-2.jpeg","contentUrl":"https:\/\/ggba.swiss\/app\/uploads\/2023\/06\/swiss-digital-center-630x380-1-2.jpeg","width":630,"height":380},{"@type":"BreadcrumbList","@id":"https:\/\/ggba.swiss\/fr\/swiss-digital-center-la-vitrine-de-la-digitalisation-en-valais\/#breadcrumb","itemListElement":[{"@type":"ListItem","position":1,"name":"Home","item":"https:\/\/ggba.swiss\/fr\/"},{"@type":"ListItem","position":2,"name":"Swiss Digital Center\u2009: la vitrine de la digitalisation en Valais"}]},{"@type":"WebSite","@id":"https:\/\/staging.ggba.swiss\/en\/#website","url":"https:\/\/staging.ggba.swiss\/en\/","name":"Greater Geneva Bern area","description":"","potentialAction":[{"@type":"SearchAction","target":{"@type":"EntryPoint","urlTemplate":"https:\/\/staging.ggba.swiss\/en\/?s={search_term_string}"},"query-input":{"@type":"PropertyValueSpecification","valueRequired":true,"valueName":"search_term_string"}}],"inLanguage":"fr-FR"},{"@type":"Person","@id":"https:\/\/staging.ggba.swiss\/en\/#\/schema\/person\/de091cdfd7d8bce46f9b8b1cf9d868ab","name":"mathieu","url":"https:\/\/ggba.swiss\/fr\/author\/mathieu\/"}]}},"_links":{"self":[{"href":"https:\/\/ggba.swiss\/fr\/wp-json\/wp\/v2\/posts\/10877","targetHints":{"allow":["GET"]}}],"collection":[{"href":"https:\/\/ggba.swiss\/fr\/wp-json\/wp\/v2\/posts"}],"about":[{"href":"https:\/\/ggba.swiss\/fr\/wp-json\/wp\/v2\/types\/post"}],"author":[{"embeddable":true,"href":"https:\/\/ggba.swiss\/fr\/wp-json\/wp\/v2\/users\/3"}],"replies":[{"embeddable":true,"href":"https:\/\/ggba.swiss\/fr\/wp-json\/wp\/v2\/comments?post=10877"}],"version-history":[{"count":1,"href":"https:\/\/ggba.swiss\/fr\/wp-json\/wp\/v2\/posts\/10877\/revisions"}],"predecessor-version":[{"id":18203,"href":"https:\/\/ggba.swiss\/fr\/wp-json\/wp\/v2\/posts\/10877\/revisions\/18203"}],"wp:featuredmedia":[{"embeddable":true,"href":"https:\/\/ggba.swiss\/fr\/wp-json\/wp\/v2\/media\/10878"}],"wp:attachment":[{"href":"https:\/\/ggba.swiss\/fr\/wp-json\/wp\/v2\/media?parent=10877"}],"wp:term":[{"taxonomy":"category","embeddable":true,"href":"https:\/\/ggba.swiss\/fr\/wp-json\/wp\/v2\/categories?post=10877"},{"taxonomy":"post_tag","embeddable":true,"href":"https:\/\/ggba.swiss\/fr\/wp-json\/wp\/v2\/tags?post=10877"}],"curies":[{"name":"wp","href":"https:\/\/api.w.org\/{rel}","templated":true}]}}