{"id":11518,"date":"2023-02-13T09:40:38","date_gmt":"2023-02-13T08:40:38","guid":{"rendered":"https:\/\/ggba.swiss\/lhopital-de-la-tour-va-creer-un-campus-de-la-sante-a-geneve\/"},"modified":"2023-07-04T13:44:13","modified_gmt":"2023-07-04T11:44:13","slug":"lhopital-de-la-tour-va-creer-un-campus-de-la-sante-a-geneve","status":"publish","type":"post","link":"https:\/\/ggba.swiss\/fr\/lhopital-de-la-tour-va-creer-un-campus-de-la-sante-a-geneve\/","title":{"rendered":"L&rsquo;H\u00f4pital de La Tour va cr\u00e9er un campus de la sant\u00e9 \u00e0 Gen\u00e8ve"},"content":{"rendered":"\n<p>Fond\u00e9 en 1967, l&rsquo;<a href=\"https:\/\/www.la-tour.ch\/fr\" target=\"_blank\" rel=\"noopener\">H\u00f4pital de la Tour<\/a> est un \u00e9tablissement de sant\u00e9 priv\u00e9 de premier plan \u00e0 Meyrin (canton de Gen\u00e8ve). Il dispose d&rsquo;\u00e9quipements modernes et d&rsquo;un personnel m\u00e9dical hautement qualifi\u00e9, offrant un large \u00e9ventail de services m\u00e9dicaux, notamment en cardiologie, oncologie, orthop\u00e9die, gyn\u00e9cologie, neurologie, p\u00e9diatrie et radiodiagnostic. L&rsquo;H\u00f4pital de la Tour s&rsquo;attache \u00e0 promouvoir la recherche m\u00e9dicale, le d\u00e9veloppement des comp\u00e9tences et la collaboration avec d&rsquo;autres institutions pour une prise en charge optimale des patients.<\/p>\n<p>Les propri\u00e9taires actuels de l&rsquo;H\u00f4pital de La Tour ont annonc\u00e9 qu&rsquo;ils avaient sign\u00e9 un accord de cession-bail avec un groupe d&rsquo;investisseurs conseill\u00e9 par l&rsquo;Union Bancaire Priv\u00e9e &#8211; UBP SA et RMG &#8211; The Risk Management Group SA. Selon cet accord, l&rsquo;h\u00f4pital continuera \u00e0 occuper les deux b\u00e2timents qu&rsquo;il utilise actuellement en tant que locataire \u00e0 long terme, tandis que la soci\u00e9t\u00e9 d&rsquo;exploitation restera la propri\u00e9t\u00e9 des propri\u00e9taires actuels.<\/p>\n<p>L&rsquo;accord de CHF 750 millions permettra de financer un projet majeur de campus de sant\u00e9. Ce site multipartite r\u00e9unira la formation, la technologie m\u00e9dicale et les soins de sant\u00e9, favorisant les synergies et devenant un p\u00f4le d&rsquo;innovation \u00e0 part enti\u00e8re. Le campus s&rsquo;\u00e9tendra sur une superficie d&rsquo;environ 150\u2019000 m\u00e8tres carr\u00e9s et marquera un d\u00e9veloppement immobilier important dans le secteur hospitalier.<\/p>\n<p>\u00ab\u00a0Nous voulons faire de l&rsquo;h\u00f4pital le c\u0153ur d&rsquo;un \u00ab\u00a0campus de sant\u00e9\u00a0\u00bb plus vaste et plus ambitieux r\u00e9unissant les acteurs de la m\u00e9decine, de la recherche, des technologies m\u00e9dicales et de la formation\u00a0\u00bb, a d\u00e9clar\u00e9 Jenny Paizi, pr\u00e9sidente de l&rsquo;H\u00f4pital de la Tour SA. \u00ab\u00a0L&rsquo;objectif est de mieux accompagner les patients dans leur prise en charge. Dans une soci\u00e9t\u00e9 vieillissante, l&rsquo;id\u00e9e est de d\u00e9velopper une m\u00e9decine personnalis\u00e9e en misant sur l&rsquo;innovation. Cela passe par la pr\u00e9vention, la nutrition, le diagnostic, les soins, la formation, la recherche et le d\u00e9veloppement.\u00a0\u00bb<\/p>\n<h4>Un campus de sant\u00e9 ambitieux au c\u0153ur de la Health Valley<\/h4>\n<p>Les investisseurs ont l&rsquo;intention de construire douze structures sur un site de 180\u2019000 m\u00e8tres carr\u00e9s, qui comprend les 30\u2019000 m\u00e8tres carr\u00e9s actuellement occup\u00e9s par l&rsquo;h\u00f4pital. Le premier b\u00e2timent devrait \u00eatre op\u00e9rationnel en 2027.<\/p>\n<p>Le nouveau b\u00e2timent, appel\u00e9 B3, sera construit parall\u00e8lement aux structures existantes B1 et B2 et fournira \u00e0 l&rsquo;h\u00f4pital l&rsquo;expansion n\u00e9cessaire des installations techniques, y compris les salles d&rsquo;op\u00e9ration, les salles de cath\u00e9t\u00e9risme et la radiologie. Avec une conception sur treize niveaux, dont huit \u00e9tages, deux rez-de-chauss\u00e9e et trois sous-sols, le B3 offrira \u00e9galement des services suppl\u00e9mentaires tels qu&rsquo;un h\u00f4tel pour les familles, une clinique de r\u00e9habilitation pour les patients convalescents, des pharmacies, des dentistes et d&rsquo;autres services param\u00e9dicaux.<\/p>\n<p>Le projet ne se limitera pas \u00e0 la fourniture de services de soins de sant\u00e9. Il visera \u00e9galement \u00e0 attirer des start-ups dans le domaine de la technologie m\u00e9dicale, de la recherche et du d\u00e9veloppement, et des discussions sont en cours sur des synergies potentielles avec le <a href=\"https:\/\/home.cern\/fr\" target=\"_blank\" rel=\"noopener\">CERN<\/a>.<\/p>\n<p>Le campus offrira \u00e9galement des perspectives de formation. La Tour est d\u00e9j\u00e0 accr\u00e9dit\u00e9e dans dix sp\u00e9cialit\u00e9s m\u00e9dicales, dont la m\u00e9decine interne, les urgences, l&rsquo;orthop\u00e9die et la cardiologie. En outre, le campus pourrait contribuer \u00e0 rem\u00e9dier \u00e0 la p\u00e9nurie d&rsquo;infirmi\u00e8res \u00e0 Gen\u00e8ve en cr\u00e9ant une nouvelle \u00e9cole de sant\u00e9 en collaboration avec le canton.<\/p>\n","protected":false},"excerpt":{"rendered":"<p>L\u2019\u00e9tablissement priv\u00e9 de soins de sant\u00e9 H\u00f4pital de la Tour a conclu un accord de CHF 750 millions pour cr\u00e9er un grand projet de campus de sant\u00e9 afin de promouvoir l&rsquo;innovation et la recherche m\u00e9dicale dans le canton de Gen\u00e8ve.<\/p>\n","protected":false},"author":3,"featured_media":11519,"comment_status":"closed","ping_status":"closed","sticky":false,"template":"","format":"standard","meta":{"_acf_changed":false,"inline_featured_image":false,"mc4wp_mailchimp_campaign":[],"footnotes":""},"categories":[843],"tags":[1033,1038,1047,1054,1082],"class_list":["post-11518","post","type-post","status-publish","format-standard","has-post-thumbnail","hentry","category-sciences-de-la-vie","tag-digital-health-fr","tag-education-fr","tag-healthcare-fr","tag-investment-fr","tag-technology-park-fr"],"acf":[],"yoast_head":"<!-- This site is optimized with the Yoast SEO plugin v27.2 - https:\/\/yoast.com\/product\/yoast-seo-wordpress\/ -->\n<title>L&#039;H\u00f4pital de La Tour va cr\u00e9er un campus de la sant\u00e9 \u00e0 Gen\u00e8ve - Greater Geneva Bern area<\/title>\n<meta name=\"robots\" content=\"index, follow, max-snippet:-1, max-image-preview:large, max-video-preview:-1\" \/>\n<link rel=\"canonical\" href=\"https:\/\/ggba.swiss\/fr\/lhopital-de-la-tour-va-creer-un-campus-de-la-sante-a-geneve\/\" \/>\n<meta property=\"og:locale\" content=\"fr_FR\" \/>\n<meta property=\"og:type\" content=\"article\" \/>\n<meta property=\"og:title\" content=\"L&#039;H\u00f4pital de La Tour va cr\u00e9er un campus de la sant\u00e9 \u00e0 Gen\u00e8ve - Greater Geneva Bern area\" \/>\n<meta property=\"og:description\" content=\"L\u2019\u00e9tablissement priv\u00e9 de soins de sant\u00e9 H\u00f4pital de la Tour a conclu un accord de CHF 750 millions pour cr\u00e9er un grand projet de campus de sant\u00e9 afin de promouvoir l&#039;innovation et la recherche m\u00e9dicale dans le canton de Gen\u00e8ve.\" \/>\n<meta property=\"og:url\" content=\"https:\/\/ggba.swiss\/fr\/lhopital-de-la-tour-va-creer-un-campus-de-la-sante-a-geneve\/\" \/>\n<meta property=\"og:site_name\" content=\"Greater Geneva Bern area\" \/>\n<meta property=\"article:published_time\" content=\"2023-02-13T08:40:38+00:00\" \/>\n<meta property=\"article:modified_time\" content=\"2023-07-04T11:44:13+00:00\" \/>\n<meta property=\"og:image\" content=\"https:\/\/staging.ggba.swiss\/app\/uploads\/2023\/06\/Hopital-de-la-Tour-630x380-1-2.jpg\" \/>\n\t<meta property=\"og:image:width\" content=\"630\" \/>\n\t<meta property=\"og:image:height\" content=\"380\" \/>\n\t<meta property=\"og:image:type\" content=\"image\/jpeg\" \/>\n<meta name=\"author\" content=\"mathieu\" \/>\n<meta name=\"twitter:card\" content=\"summary_large_image\" \/>\n<meta name=\"twitter:label1\" content=\"\u00c9crit par\" \/>\n\t<meta name=\"twitter:data1\" content=\"mathieu\" \/>\n\t<meta name=\"twitter:label2\" content=\"Dur\u00e9e de lecture estim\u00e9e\" \/>\n\t<meta name=\"twitter:data2\" content=\"3 minutes\" \/>\n<script type=\"application\/ld+json\" class=\"yoast-schema-graph\">{\"@context\":\"https:\/\/schema.org\",\"@graph\":[{\"@type\":\"Article\",\"@id\":\"https:\/\/ggba.swiss\/fr\/lhopital-de-la-tour-va-creer-un-campus-de-la-sante-a-geneve\/#article\",\"isPartOf\":{\"@id\":\"https:\/\/ggba.swiss\/fr\/lhopital-de-la-tour-va-creer-un-campus-de-la-sante-a-geneve\/\"},\"author\":{\"name\":\"mathieu\",\"@id\":\"https:\/\/staging.ggba.swiss\/en\/#\/schema\/person\/de091cdfd7d8bce46f9b8b1cf9d868ab\"},\"headline\":\"L&rsquo;H\u00f4pital de La Tour va cr\u00e9er un campus de la sant\u00e9 \u00e0 Gen\u00e8ve\",\"datePublished\":\"2023-02-13T08:40:38+00:00\",\"dateModified\":\"2023-07-04T11:44:13+00:00\",\"mainEntityOfPage\":{\"@id\":\"https:\/\/ggba.swiss\/fr\/lhopital-de-la-tour-va-creer-un-campus-de-la-sante-a-geneve\/\"},\"wordCount\":623,\"image\":{\"@id\":\"https:\/\/ggba.swiss\/fr\/lhopital-de-la-tour-va-creer-un-campus-de-la-sante-a-geneve\/#primaryimage\"},\"thumbnailUrl\":\"https:\/\/ggba.swiss\/app\/uploads\/2023\/06\/Hopital-de-la-Tour-630x380-1-2.jpg\",\"keywords\":[\"Digital Health\",\"Education\",\"Healthcare\",\"Investment\",\"Technology Park\"],\"articleSection\":[\"Sciences de la vie\"],\"inLanguage\":\"fr-FR\"},{\"@type\":\"WebPage\",\"@id\":\"https:\/\/ggba.swiss\/fr\/lhopital-de-la-tour-va-creer-un-campus-de-la-sante-a-geneve\/\",\"url\":\"https:\/\/ggba.swiss\/fr\/lhopital-de-la-tour-va-creer-un-campus-de-la-sante-a-geneve\/\",\"name\":\"L'H\u00f4pital de La Tour va cr\u00e9er un campus de la sant\u00e9 \u00e0 Gen\u00e8ve - Greater Geneva Bern area\",\"isPartOf\":{\"@id\":\"https:\/\/staging.ggba.swiss\/en\/#website\"},\"primaryImageOfPage\":{\"@id\":\"https:\/\/ggba.swiss\/fr\/lhopital-de-la-tour-va-creer-un-campus-de-la-sante-a-geneve\/#primaryimage\"},\"image\":{\"@id\":\"https:\/\/ggba.swiss\/fr\/lhopital-de-la-tour-va-creer-un-campus-de-la-sante-a-geneve\/#primaryimage\"},\"thumbnailUrl\":\"https:\/\/ggba.swiss\/app\/uploads\/2023\/06\/Hopital-de-la-Tour-630x380-1-2.jpg\",\"datePublished\":\"2023-02-13T08:40:38+00:00\",\"dateModified\":\"2023-07-04T11:44:13+00:00\",\"author\":{\"@id\":\"https:\/\/staging.ggba.swiss\/en\/#\/schema\/person\/de091cdfd7d8bce46f9b8b1cf9d868ab\"},\"breadcrumb\":{\"@id\":\"https:\/\/ggba.swiss\/fr\/lhopital-de-la-tour-va-creer-un-campus-de-la-sante-a-geneve\/#breadcrumb\"},\"inLanguage\":\"fr-FR\",\"potentialAction\":[{\"@type\":\"ReadAction\",\"target\":[\"https:\/\/ggba.swiss\/fr\/lhopital-de-la-tour-va-creer-un-campus-de-la-sante-a-geneve\/\"]}]},{\"@type\":\"ImageObject\",\"inLanguage\":\"fr-FR\",\"@id\":\"https:\/\/ggba.swiss\/fr\/lhopital-de-la-tour-va-creer-un-campus-de-la-sante-a-geneve\/#primaryimage\",\"url\":\"https:\/\/ggba.swiss\/app\/uploads\/2023\/06\/Hopital-de-la-Tour-630x380-1-2.jpg\",\"contentUrl\":\"https:\/\/ggba.swiss\/app\/uploads\/2023\/06\/Hopital-de-la-Tour-630x380-1-2.jpg\",\"width\":630,\"height\":380},{\"@type\":\"BreadcrumbList\",\"@id\":\"https:\/\/ggba.swiss\/fr\/lhopital-de-la-tour-va-creer-un-campus-de-la-sante-a-geneve\/#breadcrumb\",\"itemListElement\":[{\"@type\":\"ListItem\",\"position\":1,\"name\":\"Home\",\"item\":\"https:\/\/ggba.swiss\/fr\/\"},{\"@type\":\"ListItem\",\"position\":2,\"name\":\"L&rsquo;H\u00f4pital de La Tour va cr\u00e9er un campus de la sant\u00e9 \u00e0 Gen\u00e8ve\"}]},{\"@type\":\"WebSite\",\"@id\":\"https:\/\/staging.ggba.swiss\/en\/#website\",\"url\":\"https:\/\/staging.ggba.swiss\/en\/\",\"name\":\"Greater Geneva Bern area\",\"description\":\"\",\"potentialAction\":[{\"@type\":\"SearchAction\",\"target\":{\"@type\":\"EntryPoint\",\"urlTemplate\":\"https:\/\/staging.ggba.swiss\/en\/?s={search_term_string}\"},\"query-input\":{\"@type\":\"PropertyValueSpecification\",\"valueRequired\":true,\"valueName\":\"search_term_string\"}}],\"inLanguage\":\"fr-FR\"},{\"@type\":\"Person\",\"@id\":\"https:\/\/staging.ggba.swiss\/en\/#\/schema\/person\/de091cdfd7d8bce46f9b8b1cf9d868ab\",\"name\":\"mathieu\",\"url\":\"https:\/\/ggba.swiss\/fr\/author\/mathieu\/\"}]}<\/script>\n<!-- \/ Yoast SEO plugin. -->","yoast_head_json":{"title":"L'H\u00f4pital de La Tour va cr\u00e9er un campus de la sant\u00e9 \u00e0 Gen\u00e8ve - Greater Geneva Bern area","robots":{"index":"index","follow":"follow","max-snippet":"max-snippet:-1","max-image-preview":"max-image-preview:large","max-video-preview":"max-video-preview:-1"},"canonical":"https:\/\/ggba.swiss\/fr\/lhopital-de-la-tour-va-creer-un-campus-de-la-sante-a-geneve\/","og_locale":"fr_FR","og_type":"article","og_title":"L'H\u00f4pital de La Tour va cr\u00e9er un campus de la sant\u00e9 \u00e0 Gen\u00e8ve - Greater Geneva Bern area","og_description":"L\u2019\u00e9tablissement priv\u00e9 de soins de sant\u00e9 H\u00f4pital de la Tour a conclu un accord de CHF 750 millions pour cr\u00e9er un grand projet de campus de sant\u00e9 afin de promouvoir l'innovation et la recherche m\u00e9dicale dans le canton de Gen\u00e8ve.","og_url":"https:\/\/ggba.swiss\/fr\/lhopital-de-la-tour-va-creer-un-campus-de-la-sante-a-geneve\/","og_site_name":"Greater Geneva Bern area","article_published_time":"2023-02-13T08:40:38+00:00","article_modified_time":"2023-07-04T11:44:13+00:00","og_image":[{"width":630,"height":380,"url":"https:\/\/staging.ggba.swiss\/app\/uploads\/2023\/06\/Hopital-de-la-Tour-630x380-1-2.jpg","type":"image\/jpeg"}],"author":"mathieu","twitter_card":"summary_large_image","twitter_misc":{"\u00c9crit par":"mathieu","Dur\u00e9e de lecture estim\u00e9e":"3 minutes"},"schema":{"@context":"https:\/\/schema.org","@graph":[{"@type":"Article","@id":"https:\/\/ggba.swiss\/fr\/lhopital-de-la-tour-va-creer-un-campus-de-la-sante-a-geneve\/#article","isPartOf":{"@id":"https:\/\/ggba.swiss\/fr\/lhopital-de-la-tour-va-creer-un-campus-de-la-sante-a-geneve\/"},"author":{"name":"mathieu","@id":"https:\/\/staging.ggba.swiss\/en\/#\/schema\/person\/de091cdfd7d8bce46f9b8b1cf9d868ab"},"headline":"L&rsquo;H\u00f4pital de La Tour va cr\u00e9er un campus de la sant\u00e9 \u00e0 Gen\u00e8ve","datePublished":"2023-02-13T08:40:38+00:00","dateModified":"2023-07-04T11:44:13+00:00","mainEntityOfPage":{"@id":"https:\/\/ggba.swiss\/fr\/lhopital-de-la-tour-va-creer-un-campus-de-la-sante-a-geneve\/"},"wordCount":623,"image":{"@id":"https:\/\/ggba.swiss\/fr\/lhopital-de-la-tour-va-creer-un-campus-de-la-sante-a-geneve\/#primaryimage"},"thumbnailUrl":"https:\/\/ggba.swiss\/app\/uploads\/2023\/06\/Hopital-de-la-Tour-630x380-1-2.jpg","keywords":["Digital Health","Education","Healthcare","Investment","Technology Park"],"articleSection":["Sciences de la vie"],"inLanguage":"fr-FR"},{"@type":"WebPage","@id":"https:\/\/ggba.swiss\/fr\/lhopital-de-la-tour-va-creer-un-campus-de-la-sante-a-geneve\/","url":"https:\/\/ggba.swiss\/fr\/lhopital-de-la-tour-va-creer-un-campus-de-la-sante-a-geneve\/","name":"L'H\u00f4pital de La Tour va cr\u00e9er un campus de la sant\u00e9 \u00e0 Gen\u00e8ve - Greater Geneva Bern area","isPartOf":{"@id":"https:\/\/staging.ggba.swiss\/en\/#website"},"primaryImageOfPage":{"@id":"https:\/\/ggba.swiss\/fr\/lhopital-de-la-tour-va-creer-un-campus-de-la-sante-a-geneve\/#primaryimage"},"image":{"@id":"https:\/\/ggba.swiss\/fr\/lhopital-de-la-tour-va-creer-un-campus-de-la-sante-a-geneve\/#primaryimage"},"thumbnailUrl":"https:\/\/ggba.swiss\/app\/uploads\/2023\/06\/Hopital-de-la-Tour-630x380-1-2.jpg","datePublished":"2023-02-13T08:40:38+00:00","dateModified":"2023-07-04T11:44:13+00:00","author":{"@id":"https:\/\/staging.ggba.swiss\/en\/#\/schema\/person\/de091cdfd7d8bce46f9b8b1cf9d868ab"},"breadcrumb":{"@id":"https:\/\/ggba.swiss\/fr\/lhopital-de-la-tour-va-creer-un-campus-de-la-sante-a-geneve\/#breadcrumb"},"inLanguage":"fr-FR","potentialAction":[{"@type":"ReadAction","target":["https:\/\/ggba.swiss\/fr\/lhopital-de-la-tour-va-creer-un-campus-de-la-sante-a-geneve\/"]}]},{"@type":"ImageObject","inLanguage":"fr-FR","@id":"https:\/\/ggba.swiss\/fr\/lhopital-de-la-tour-va-creer-un-campus-de-la-sante-a-geneve\/#primaryimage","url":"https:\/\/ggba.swiss\/app\/uploads\/2023\/06\/Hopital-de-la-Tour-630x380-1-2.jpg","contentUrl":"https:\/\/ggba.swiss\/app\/uploads\/2023\/06\/Hopital-de-la-Tour-630x380-1-2.jpg","width":630,"height":380},{"@type":"BreadcrumbList","@id":"https:\/\/ggba.swiss\/fr\/lhopital-de-la-tour-va-creer-un-campus-de-la-sante-a-geneve\/#breadcrumb","itemListElement":[{"@type":"ListItem","position":1,"name":"Home","item":"https:\/\/ggba.swiss\/fr\/"},{"@type":"ListItem","position":2,"name":"L&rsquo;H\u00f4pital de La Tour va cr\u00e9er un campus de la sant\u00e9 \u00e0 Gen\u00e8ve"}]},{"@type":"WebSite","@id":"https:\/\/staging.ggba.swiss\/en\/#website","url":"https:\/\/staging.ggba.swiss\/en\/","name":"Greater Geneva Bern area","description":"","potentialAction":[{"@type":"SearchAction","target":{"@type":"EntryPoint","urlTemplate":"https:\/\/staging.ggba.swiss\/en\/?s={search_term_string}"},"query-input":{"@type":"PropertyValueSpecification","valueRequired":true,"valueName":"search_term_string"}}],"inLanguage":"fr-FR"},{"@type":"Person","@id":"https:\/\/staging.ggba.swiss\/en\/#\/schema\/person\/de091cdfd7d8bce46f9b8b1cf9d868ab","name":"mathieu","url":"https:\/\/ggba.swiss\/fr\/author\/mathieu\/"}]}},"_links":{"self":[{"href":"https:\/\/ggba.swiss\/fr\/wp-json\/wp\/v2\/posts\/11518","targetHints":{"allow":["GET"]}}],"collection":[{"href":"https:\/\/ggba.swiss\/fr\/wp-json\/wp\/v2\/posts"}],"about":[{"href":"https:\/\/ggba.swiss\/fr\/wp-json\/wp\/v2\/types\/post"}],"author":[{"embeddable":true,"href":"https:\/\/ggba.swiss\/fr\/wp-json\/wp\/v2\/users\/3"}],"replies":[{"embeddable":true,"href":"https:\/\/ggba.swiss\/fr\/wp-json\/wp\/v2\/comments?post=11518"}],"version-history":[{"count":1,"href":"https:\/\/ggba.swiss\/fr\/wp-json\/wp\/v2\/posts\/11518\/revisions"}],"predecessor-version":[{"id":18320,"href":"https:\/\/ggba.swiss\/fr\/wp-json\/wp\/v2\/posts\/11518\/revisions\/18320"}],"wp:featuredmedia":[{"embeddable":true,"href":"https:\/\/ggba.swiss\/fr\/wp-json\/wp\/v2\/media\/11519"}],"wp:attachment":[{"href":"https:\/\/ggba.swiss\/fr\/wp-json\/wp\/v2\/media?parent=11518"}],"wp:term":[{"taxonomy":"category","embeddable":true,"href":"https:\/\/ggba.swiss\/fr\/wp-json\/wp\/v2\/categories?post=11518"},{"taxonomy":"post_tag","embeddable":true,"href":"https:\/\/ggba.swiss\/fr\/wp-json\/wp\/v2\/tags?post=11518"}],"curies":[{"name":"wp","href":"https:\/\/api.w.org\/{rel}","templated":true}]}}