{"id":11578,"date":"2023-03-01T07:51:21","date_gmt":"2023-03-01T06:51:21","guid":{"rendered":"https:\/\/ggba.swiss\/mindmaze-lance-son-dispositif-revolutionnaire-pour-la-reeducation-motrice-apres-un-avc\/"},"modified":"2023-07-04T13:44:14","modified_gmt":"2023-07-04T11:44:14","slug":"mindmaze-lance-son-dispositif-revolutionnaire-pour-la-reeducation-motrice-apres-un-avc","status":"publish","type":"post","link":"https:\/\/ggba.swiss\/fr\/mindmaze-lance-son-dispositif-revolutionnaire-pour-la-reeducation-motrice-apres-un-avc\/","title":{"rendered":"Mindmaze lance son dispositif r\u00e9volutionnaire pour la r\u00e9\u00e9ducation motrice apr\u00e8s un AVC"},"content":{"rendered":"\n<p>Apr\u00e8s un accident vasculaire c\u00e9r\u00e9bral (AVC), l&rsquo;alt\u00e9ration de la fonction de la main est un handicap r\u00e9pandu, puisque jusqu&rsquo;\u00e0 87 % des survivants d&rsquo;un AVC souffrent d&rsquo;une paralysie de la main et des membres sup\u00e9rieurs. Il n&rsquo;est pas surprenant que les patients consid\u00e8rent la r\u00e9cup\u00e9ration de la main comme un enjeu crucial pour am\u00e9liorer leur qualit\u00e9 de vie et leur ind\u00e9pendance. Malheureusement, dans le cadre de la norme de soins actuelle, le traitement des mains reste extr\u00eamement difficile en raison des contraintes inh\u00e9rentes de temps, de ressources et de technologie<\/p>\n<p>Izar, le dernier produit de <a href=\"https:\/\/www.mindmaze.com\/\" target=\"_blank\" rel=\"noopener\">Mindmaze<\/a>, offre aux cliniques la possibilit\u00e9 de r\u00e9pondre aux besoins non satisfaits ou mal desservis en mati\u00e8re de r\u00e9cup\u00e9ration des mains. Il y parvient en permettant la mise en place de nouveaux programmes d&rsquo;auto-formation en clinique ou supervis\u00e9s \u00e0 distance, qui peuvent am\u00e9liorer la qualit\u00e9 et la quantit\u00e9 de la r\u00e9\u00e9ducation re\u00e7ue par les patients \u00e0 leur domicile.<\/p>\n<p>Izar est un dispositif de contr\u00f4le tr\u00e8s sensible qui a \u00e9t\u00e9 con\u00e7u pour \u00e9valuer et entra\u00eener la dext\u00e9rit\u00e9 et la force en capturant les forces de serrage pr\u00e9cises et les mouvements du poignet n\u00e9cessaires aux activit\u00e9s quotidiennes. L&rsquo;appareil peut d\u00e9tecter les moindres forces des doigts et de la main \u00e0 des niveaux inf\u00e9rieurs au niveau du newton, ce qui le rend apte \u00e0 traiter m\u00eame les patients les plus gravement handicap\u00e9s.<\/p>\n<p>La poign\u00e9e Izar est un appareil portable et convivial, accompagn\u00e9 d&rsquo;un contenu ludique engageant, qui permet aux patients d&rsquo;entreprendre des exercices d&rsquo;auto-entra\u00eenement \u00e0 domicile, \u00e0 leur chevet ou en clinique. Le dispositif offre des am\u00e9liorations consid\u00e9rables en mati\u00e8re d&rsquo;entra\u00eenement et s&rsquo;inscrit dans une approche plus large du traitement et de la gestion des affections neurologiques telles que la maladie de Parkinson, la maladie d&rsquo;Alzheimer, les accidents vasculaires c\u00e9r\u00e9braux et les l\u00e9sions c\u00e9r\u00e9brales traumatiques (LCT), entre autres.<\/p>\n<h4>Recherche clinique pioni\u00e8re et d\u00e9veloppement en Europe et aux \u00c9tats-Unis<\/h4>\n<p>Des centres mondiaux de premier plan, tels que le <a href=\"https:\/\/www.sralab.org\/\" target=\"_blank\" rel=\"noopener\">Shirley Ryan Ability Lab<\/a> aux \u00c9tats-Unis, l&rsquo;<a href=\"https:\/\/www.ucl.ac.uk\/\" target=\"_blank\" rel=\"noopener\">University College London<\/a> au Royaume-Uni et l&rsquo;<a href=\"https:\/\/www.auckland.ac.nz\/en.html\" target=\"_blank\" rel=\"noopener\">Universit\u00e9 d&rsquo;Aukland<\/a> en Nouvelle-Z\u00e9lande, utilisent d\u00e9j\u00e0 activement Izar dans le cadre de recherches cliniques pionni\u00e8res. Izar a \u00e9t\u00e9 soumis \u00e0 des tests rigoureux de pr\u00e9-lancement sur neuf sites et a permis \u00e0 250 patients de b\u00e9n\u00e9ficier de plus de 250 heures de th\u00e9rapie active supervis\u00e9e et d&rsquo;auto-entra\u00eenement, avec un retour unanimement positif.<\/p>\n<p>Izar est disponible d\u00e8s aujourd&rsquo;hui aux \u00c9tats-Unis et dans certains pays europ\u00e9ens, dont la France, la Suisse et l&rsquo;Allemagne, avec un contenu permettant de s&rsquo;entra\u00eener \u00e0 la prise en main dextrogyre, au pincement et \u00e0 la poign\u00e9e. Les futurs contenus logiciels permettront de d\u00e9bloquer des contenus d&rsquo;entra\u00eenement pour le poignet, les mouvements bilat\u00e9raux et les mouvements combin\u00e9s du membre sup\u00e9rieur et de la main, ainsi que des \u00e9valuations de la dext\u00e9rit\u00e9 de la main et du poignet.<\/p>\n<p>Fond\u00e9e en 2012 en tant que spin-off de l&rsquo;<a href=\"https:\/\/www.epfl.ch\/\" target=\"_blank\" rel=\"noopener\">EPFL<\/a>\u00a0et ayant re\u00e7u le\u00a0<a href=\"https:\/\/ggba.swiss\/leonardo-dicaprio-investit-start-up-lausannoise-mindmaze\/\" target=\"_blank\" rel=\"noopener\">soutien de l&rsquo;acteur hollywoodien Leonardo DiCaprio<\/a>, MindMaze est la premi\u00e8re licorne suisse avec des bureaux \u00e0 Lausanne, Baltimore, Londres, Paris et Mumbai. La biotech emploie actuellement 140 personnes, dont 80 dans ses bureaux de Lausanne.<\/p>\n","protected":false},"excerpt":{"rendered":"<p>MindMaze, leader mondial vaudois de la neuroth\u00e9rapie num\u00e9rique aliment\u00e9e par l&rsquo;IA, a lanc\u00e9 Izar, son dispositif m\u00e9dical propri\u00e9taire, aux \u00c9tats-Unis et en Europe. De grands centres m\u00e9dicaux aux \u00c9tats-Unis, au Royaume-Uni et en Nouvelle-Z\u00e9lande ont d\u00e9j\u00e0 adopt\u00e9 le produit.<\/p>\n","protected":false},"author":3,"featured_media":11579,"comment_status":"closed","ping_status":"closed","sticky":false,"template":"","format":"standard","meta":{"_acf_changed":false,"inline_featured_image":false,"mc4wp_mailchimp_campaign":[],"footnotes":""},"categories":[843],"tags":[1022,1033,1063],"class_list":["post-11578","post","type-post","status-publish","format-standard","has-post-thumbnail","hentry","category-sciences-de-la-vie","tag-biotech-fr","tag-digital-health-fr","tag-neuroscience-fr"],"acf":[],"yoast_head":"<!-- This site is optimized with the Yoast SEO plugin v27.2 - https:\/\/yoast.com\/product\/yoast-seo-wordpress\/ -->\n<title>Mindmaze lance son dispositif r\u00e9volutionnaire pour la r\u00e9\u00e9ducation motrice apr\u00e8s un AVC - Greater Geneva Bern area<\/title>\n<meta name=\"robots\" content=\"index, follow, max-snippet:-1, max-image-preview:large, max-video-preview:-1\" \/>\n<link rel=\"canonical\" href=\"https:\/\/ggba.swiss\/fr\/mindmaze-lance-son-dispositif-revolutionnaire-pour-la-reeducation-motrice-apres-un-avc\/\" \/>\n<meta property=\"og:locale\" content=\"fr_FR\" \/>\n<meta property=\"og:type\" content=\"article\" \/>\n<meta property=\"og:title\" content=\"Mindmaze lance son dispositif r\u00e9volutionnaire pour la r\u00e9\u00e9ducation motrice apr\u00e8s un AVC - Greater Geneva Bern area\" \/>\n<meta property=\"og:description\" content=\"MindMaze, leader mondial vaudois de la neuroth\u00e9rapie num\u00e9rique aliment\u00e9e par l&#039;IA, a lanc\u00e9 Izar, son dispositif m\u00e9dical propri\u00e9taire, aux \u00c9tats-Unis et en Europe. De grands centres m\u00e9dicaux aux \u00c9tats-Unis, au Royaume-Uni et en Nouvelle-Z\u00e9lande ont d\u00e9j\u00e0 adopt\u00e9 le produit.\" \/>\n<meta property=\"og:url\" content=\"https:\/\/ggba.swiss\/fr\/mindmaze-lance-son-dispositif-revolutionnaire-pour-la-reeducation-motrice-apres-un-avc\/\" \/>\n<meta property=\"og:site_name\" content=\"Greater Geneva Bern area\" \/>\n<meta property=\"article:published_time\" content=\"2023-03-01T06:51:21+00:00\" \/>\n<meta property=\"article:modified_time\" content=\"2023-07-04T11:44:14+00:00\" \/>\n<meta property=\"og:image\" content=\"https:\/\/staging.ggba.swiss\/app\/uploads\/2023\/06\/Mindmaze_Izar-630x380-1-2.jpg\" \/>\n\t<meta property=\"og:image:width\" content=\"630\" \/>\n\t<meta property=\"og:image:height\" content=\"380\" \/>\n\t<meta property=\"og:image:type\" content=\"image\/jpeg\" \/>\n<meta name=\"author\" content=\"mathieu\" \/>\n<meta name=\"twitter:card\" content=\"summary_large_image\" \/>\n<meta name=\"twitter:label1\" content=\"\u00c9crit par\" \/>\n\t<meta name=\"twitter:data1\" content=\"mathieu\" \/>\n\t<meta name=\"twitter:label2\" content=\"Dur\u00e9e de lecture estim\u00e9e\" \/>\n\t<meta name=\"twitter:data2\" content=\"3 minutes\" \/>\n<script type=\"application\/ld+json\" class=\"yoast-schema-graph\">{\"@context\":\"https:\/\/schema.org\",\"@graph\":[{\"@type\":\"Article\",\"@id\":\"https:\/\/ggba.swiss\/fr\/mindmaze-lance-son-dispositif-revolutionnaire-pour-la-reeducation-motrice-apres-un-avc\/#article\",\"isPartOf\":{\"@id\":\"https:\/\/ggba.swiss\/fr\/mindmaze-lance-son-dispositif-revolutionnaire-pour-la-reeducation-motrice-apres-un-avc\/\"},\"author\":{\"name\":\"mathieu\",\"@id\":\"https:\/\/staging.ggba.swiss\/en\/#\/schema\/person\/de091cdfd7d8bce46f9b8b1cf9d868ab\"},\"headline\":\"Mindmaze lance son dispositif r\u00e9volutionnaire pour la r\u00e9\u00e9ducation motrice apr\u00e8s un AVC\",\"datePublished\":\"2023-03-01T06:51:21+00:00\",\"dateModified\":\"2023-07-04T11:44:14+00:00\",\"mainEntityOfPage\":{\"@id\":\"https:\/\/ggba.swiss\/fr\/mindmaze-lance-son-dispositif-revolutionnaire-pour-la-reeducation-motrice-apres-un-avc\/\"},\"wordCount\":595,\"image\":{\"@id\":\"https:\/\/ggba.swiss\/fr\/mindmaze-lance-son-dispositif-revolutionnaire-pour-la-reeducation-motrice-apres-un-avc\/#primaryimage\"},\"thumbnailUrl\":\"https:\/\/ggba.swiss\/app\/uploads\/2023\/06\/Mindmaze_Izar-630x380-1-2.jpg\",\"keywords\":[\"Biotech\",\"Digital Health\",\"Neuroscience\"],\"articleSection\":[\"Sciences de la vie\"],\"inLanguage\":\"fr-FR\"},{\"@type\":\"WebPage\",\"@id\":\"https:\/\/ggba.swiss\/fr\/mindmaze-lance-son-dispositif-revolutionnaire-pour-la-reeducation-motrice-apres-un-avc\/\",\"url\":\"https:\/\/ggba.swiss\/fr\/mindmaze-lance-son-dispositif-revolutionnaire-pour-la-reeducation-motrice-apres-un-avc\/\",\"name\":\"Mindmaze lance son dispositif r\u00e9volutionnaire pour la r\u00e9\u00e9ducation motrice apr\u00e8s un AVC - Greater Geneva Bern area\",\"isPartOf\":{\"@id\":\"https:\/\/staging.ggba.swiss\/en\/#website\"},\"primaryImageOfPage\":{\"@id\":\"https:\/\/ggba.swiss\/fr\/mindmaze-lance-son-dispositif-revolutionnaire-pour-la-reeducation-motrice-apres-un-avc\/#primaryimage\"},\"image\":{\"@id\":\"https:\/\/ggba.swiss\/fr\/mindmaze-lance-son-dispositif-revolutionnaire-pour-la-reeducation-motrice-apres-un-avc\/#primaryimage\"},\"thumbnailUrl\":\"https:\/\/ggba.swiss\/app\/uploads\/2023\/06\/Mindmaze_Izar-630x380-1-2.jpg\",\"datePublished\":\"2023-03-01T06:51:21+00:00\",\"dateModified\":\"2023-07-04T11:44:14+00:00\",\"author\":{\"@id\":\"https:\/\/staging.ggba.swiss\/en\/#\/schema\/person\/de091cdfd7d8bce46f9b8b1cf9d868ab\"},\"breadcrumb\":{\"@id\":\"https:\/\/ggba.swiss\/fr\/mindmaze-lance-son-dispositif-revolutionnaire-pour-la-reeducation-motrice-apres-un-avc\/#breadcrumb\"},\"inLanguage\":\"fr-FR\",\"potentialAction\":[{\"@type\":\"ReadAction\",\"target\":[\"https:\/\/ggba.swiss\/fr\/mindmaze-lance-son-dispositif-revolutionnaire-pour-la-reeducation-motrice-apres-un-avc\/\"]}]},{\"@type\":\"ImageObject\",\"inLanguage\":\"fr-FR\",\"@id\":\"https:\/\/ggba.swiss\/fr\/mindmaze-lance-son-dispositif-revolutionnaire-pour-la-reeducation-motrice-apres-un-avc\/#primaryimage\",\"url\":\"https:\/\/ggba.swiss\/app\/uploads\/2023\/06\/Mindmaze_Izar-630x380-1-2.jpg\",\"contentUrl\":\"https:\/\/ggba.swiss\/app\/uploads\/2023\/06\/Mindmaze_Izar-630x380-1-2.jpg\",\"width\":630,\"height\":380},{\"@type\":\"BreadcrumbList\",\"@id\":\"https:\/\/ggba.swiss\/fr\/mindmaze-lance-son-dispositif-revolutionnaire-pour-la-reeducation-motrice-apres-un-avc\/#breadcrumb\",\"itemListElement\":[{\"@type\":\"ListItem\",\"position\":1,\"name\":\"Home\",\"item\":\"https:\/\/ggba.swiss\/fr\/\"},{\"@type\":\"ListItem\",\"position\":2,\"name\":\"Mindmaze lance son dispositif r\u00e9volutionnaire pour la r\u00e9\u00e9ducation motrice apr\u00e8s un AVC\"}]},{\"@type\":\"WebSite\",\"@id\":\"https:\/\/staging.ggba.swiss\/en\/#website\",\"url\":\"https:\/\/staging.ggba.swiss\/en\/\",\"name\":\"Greater Geneva Bern area\",\"description\":\"\",\"potentialAction\":[{\"@type\":\"SearchAction\",\"target\":{\"@type\":\"EntryPoint\",\"urlTemplate\":\"https:\/\/staging.ggba.swiss\/en\/?s={search_term_string}\"},\"query-input\":{\"@type\":\"PropertyValueSpecification\",\"valueRequired\":true,\"valueName\":\"search_term_string\"}}],\"inLanguage\":\"fr-FR\"},{\"@type\":\"Person\",\"@id\":\"https:\/\/staging.ggba.swiss\/en\/#\/schema\/person\/de091cdfd7d8bce46f9b8b1cf9d868ab\",\"name\":\"mathieu\",\"url\":\"https:\/\/ggba.swiss\/fr\/author\/mathieu\/\"}]}<\/script>\n<!-- \/ Yoast SEO plugin. -->","yoast_head_json":{"title":"Mindmaze lance son dispositif r\u00e9volutionnaire pour la r\u00e9\u00e9ducation motrice apr\u00e8s un AVC - Greater Geneva Bern area","robots":{"index":"index","follow":"follow","max-snippet":"max-snippet:-1","max-image-preview":"max-image-preview:large","max-video-preview":"max-video-preview:-1"},"canonical":"https:\/\/ggba.swiss\/fr\/mindmaze-lance-son-dispositif-revolutionnaire-pour-la-reeducation-motrice-apres-un-avc\/","og_locale":"fr_FR","og_type":"article","og_title":"Mindmaze lance son dispositif r\u00e9volutionnaire pour la r\u00e9\u00e9ducation motrice apr\u00e8s un AVC - Greater Geneva Bern area","og_description":"MindMaze, leader mondial vaudois de la neuroth\u00e9rapie num\u00e9rique aliment\u00e9e par l'IA, a lanc\u00e9 Izar, son dispositif m\u00e9dical propri\u00e9taire, aux \u00c9tats-Unis et en Europe. De grands centres m\u00e9dicaux aux \u00c9tats-Unis, au Royaume-Uni et en Nouvelle-Z\u00e9lande ont d\u00e9j\u00e0 adopt\u00e9 le produit.","og_url":"https:\/\/ggba.swiss\/fr\/mindmaze-lance-son-dispositif-revolutionnaire-pour-la-reeducation-motrice-apres-un-avc\/","og_site_name":"Greater Geneva Bern area","article_published_time":"2023-03-01T06:51:21+00:00","article_modified_time":"2023-07-04T11:44:14+00:00","og_image":[{"width":630,"height":380,"url":"https:\/\/staging.ggba.swiss\/app\/uploads\/2023\/06\/Mindmaze_Izar-630x380-1-2.jpg","type":"image\/jpeg"}],"author":"mathieu","twitter_card":"summary_large_image","twitter_misc":{"\u00c9crit par":"mathieu","Dur\u00e9e de lecture estim\u00e9e":"3 minutes"},"schema":{"@context":"https:\/\/schema.org","@graph":[{"@type":"Article","@id":"https:\/\/ggba.swiss\/fr\/mindmaze-lance-son-dispositif-revolutionnaire-pour-la-reeducation-motrice-apres-un-avc\/#article","isPartOf":{"@id":"https:\/\/ggba.swiss\/fr\/mindmaze-lance-son-dispositif-revolutionnaire-pour-la-reeducation-motrice-apres-un-avc\/"},"author":{"name":"mathieu","@id":"https:\/\/staging.ggba.swiss\/en\/#\/schema\/person\/de091cdfd7d8bce46f9b8b1cf9d868ab"},"headline":"Mindmaze lance son dispositif r\u00e9volutionnaire pour la r\u00e9\u00e9ducation motrice apr\u00e8s un AVC","datePublished":"2023-03-01T06:51:21+00:00","dateModified":"2023-07-04T11:44:14+00:00","mainEntityOfPage":{"@id":"https:\/\/ggba.swiss\/fr\/mindmaze-lance-son-dispositif-revolutionnaire-pour-la-reeducation-motrice-apres-un-avc\/"},"wordCount":595,"image":{"@id":"https:\/\/ggba.swiss\/fr\/mindmaze-lance-son-dispositif-revolutionnaire-pour-la-reeducation-motrice-apres-un-avc\/#primaryimage"},"thumbnailUrl":"https:\/\/ggba.swiss\/app\/uploads\/2023\/06\/Mindmaze_Izar-630x380-1-2.jpg","keywords":["Biotech","Digital Health","Neuroscience"],"articleSection":["Sciences de la vie"],"inLanguage":"fr-FR"},{"@type":"WebPage","@id":"https:\/\/ggba.swiss\/fr\/mindmaze-lance-son-dispositif-revolutionnaire-pour-la-reeducation-motrice-apres-un-avc\/","url":"https:\/\/ggba.swiss\/fr\/mindmaze-lance-son-dispositif-revolutionnaire-pour-la-reeducation-motrice-apres-un-avc\/","name":"Mindmaze lance son dispositif r\u00e9volutionnaire pour la r\u00e9\u00e9ducation motrice apr\u00e8s un AVC - Greater Geneva Bern area","isPartOf":{"@id":"https:\/\/staging.ggba.swiss\/en\/#website"},"primaryImageOfPage":{"@id":"https:\/\/ggba.swiss\/fr\/mindmaze-lance-son-dispositif-revolutionnaire-pour-la-reeducation-motrice-apres-un-avc\/#primaryimage"},"image":{"@id":"https:\/\/ggba.swiss\/fr\/mindmaze-lance-son-dispositif-revolutionnaire-pour-la-reeducation-motrice-apres-un-avc\/#primaryimage"},"thumbnailUrl":"https:\/\/ggba.swiss\/app\/uploads\/2023\/06\/Mindmaze_Izar-630x380-1-2.jpg","datePublished":"2023-03-01T06:51:21+00:00","dateModified":"2023-07-04T11:44:14+00:00","author":{"@id":"https:\/\/staging.ggba.swiss\/en\/#\/schema\/person\/de091cdfd7d8bce46f9b8b1cf9d868ab"},"breadcrumb":{"@id":"https:\/\/ggba.swiss\/fr\/mindmaze-lance-son-dispositif-revolutionnaire-pour-la-reeducation-motrice-apres-un-avc\/#breadcrumb"},"inLanguage":"fr-FR","potentialAction":[{"@type":"ReadAction","target":["https:\/\/ggba.swiss\/fr\/mindmaze-lance-son-dispositif-revolutionnaire-pour-la-reeducation-motrice-apres-un-avc\/"]}]},{"@type":"ImageObject","inLanguage":"fr-FR","@id":"https:\/\/ggba.swiss\/fr\/mindmaze-lance-son-dispositif-revolutionnaire-pour-la-reeducation-motrice-apres-un-avc\/#primaryimage","url":"https:\/\/ggba.swiss\/app\/uploads\/2023\/06\/Mindmaze_Izar-630x380-1-2.jpg","contentUrl":"https:\/\/ggba.swiss\/app\/uploads\/2023\/06\/Mindmaze_Izar-630x380-1-2.jpg","width":630,"height":380},{"@type":"BreadcrumbList","@id":"https:\/\/ggba.swiss\/fr\/mindmaze-lance-son-dispositif-revolutionnaire-pour-la-reeducation-motrice-apres-un-avc\/#breadcrumb","itemListElement":[{"@type":"ListItem","position":1,"name":"Home","item":"https:\/\/ggba.swiss\/fr\/"},{"@type":"ListItem","position":2,"name":"Mindmaze lance son dispositif r\u00e9volutionnaire pour la r\u00e9\u00e9ducation motrice apr\u00e8s un AVC"}]},{"@type":"WebSite","@id":"https:\/\/staging.ggba.swiss\/en\/#website","url":"https:\/\/staging.ggba.swiss\/en\/","name":"Greater Geneva Bern area","description":"","potentialAction":[{"@type":"SearchAction","target":{"@type":"EntryPoint","urlTemplate":"https:\/\/staging.ggba.swiss\/en\/?s={search_term_string}"},"query-input":{"@type":"PropertyValueSpecification","valueRequired":true,"valueName":"search_term_string"}}],"inLanguage":"fr-FR"},{"@type":"Person","@id":"https:\/\/staging.ggba.swiss\/en\/#\/schema\/person\/de091cdfd7d8bce46f9b8b1cf9d868ab","name":"mathieu","url":"https:\/\/ggba.swiss\/fr\/author\/mathieu\/"}]}},"_links":{"self":[{"href":"https:\/\/ggba.swiss\/fr\/wp-json\/wp\/v2\/posts\/11578","targetHints":{"allow":["GET"]}}],"collection":[{"href":"https:\/\/ggba.swiss\/fr\/wp-json\/wp\/v2\/posts"}],"about":[{"href":"https:\/\/ggba.swiss\/fr\/wp-json\/wp\/v2\/types\/post"}],"author":[{"embeddable":true,"href":"https:\/\/ggba.swiss\/fr\/wp-json\/wp\/v2\/users\/3"}],"replies":[{"embeddable":true,"href":"https:\/\/ggba.swiss\/fr\/wp-json\/wp\/v2\/comments?post=11578"}],"version-history":[{"count":1,"href":"https:\/\/ggba.swiss\/fr\/wp-json\/wp\/v2\/posts\/11578\/revisions"}],"predecessor-version":[{"id":18329,"href":"https:\/\/ggba.swiss\/fr\/wp-json\/wp\/v2\/posts\/11578\/revisions\/18329"}],"wp:featuredmedia":[{"embeddable":true,"href":"https:\/\/ggba.swiss\/fr\/wp-json\/wp\/v2\/media\/11579"}],"wp:attachment":[{"href":"https:\/\/ggba.swiss\/fr\/wp-json\/wp\/v2\/media?parent=11578"}],"wp:term":[{"taxonomy":"category","embeddable":true,"href":"https:\/\/ggba.swiss\/fr\/wp-json\/wp\/v2\/categories?post=11578"},{"taxonomy":"post_tag","embeddable":true,"href":"https:\/\/ggba.swiss\/fr\/wp-json\/wp\/v2\/tags?post=11578"}],"curies":[{"name":"wp","href":"https:\/\/api.w.org\/{rel}","templated":true}]}}