{"id":11941,"date":"2023-06-19T07:36:44","date_gmt":"2023-06-19T05:36:44","guid":{"rendered":"https:\/\/ggba.swiss\/axe-sante-le-centre-valaisan-pour-les-technologies-de-sante-durables\/"},"modified":"2023-07-04T13:44:21","modified_gmt":"2023-07-04T11:44:21","slug":"axe-sante-le-centre-valaisan-pour-les-technologies-de-sante-durables","status":"publish","type":"post","link":"https:\/\/ggba.swiss\/fr\/axe-sante-le-centre-valaisan-pour-les-technologies-de-sante-durables\/","title":{"rendered":"Axe Sant\u00e9, le centre valaisan pour les technologies de sant\u00e9 durables"},"content":{"rendered":"\n<p>Axe Sant\u00e9 est un centre interdisciplinaire qui regroupe tous les instituts de recherche de la <a href=\"https:\/\/www.hevs.ch\/fr\" target=\"_blank\" rel=\"noopener\">HES-SO Valais-Wallis<\/a>, formant un p\u00f4le d&rsquo;innovation d\u00e9di\u00e9 \u00e0 l&rsquo;avancement des pratiques de sant\u00e9. En favorisant la collaboration et la recherche de pointe, la mission d&rsquo;Axe Sant\u00e9 est de r\u00e9pondre aux d\u00e9fis complexes de la sant\u00e9 en d\u00e9veloppant des solutions pratiques et efficaces qui am\u00e9liorent les r\u00e9sultats pour les patients, rationalisent la prestation des soins de sant\u00e9 et fa\u00e7onnent finalement l&rsquo;avenir des soins m\u00e9dicaux.<\/p>\n<p>En mobilisant son expertise et ses ressources, Axe Sant\u00e9 se concentre sur un domaine de soins de sant\u00e9 critique mais souvent n\u00e9glig\u00e9 : la d\u00e9tection et la gestion des traumatismes cr\u00e2niens l\u00e9gers (TCL), qui demeurent aujourd\u2019hui un d\u00e9fi m\u00e9dical majeur. Les m\u00e9thodes traditionnelles, comme r\u00e9pondre \u00e0 des questions de base ou r\u00e9aliser des scans par tomodensitom\u00e9trie, peuvent \u00eatre co\u00fbteuses et longues, et elles ne fournissent pas toujours un diagnostic pr\u00e9cis. Les TCL, souvent subis par les athl\u00e8tes et n\u00e9glig\u00e9s en raison de limites dans les ant\u00e9c\u00e9dents m\u00e9dicaux ou d&rsquo;un manque de sensibilisation, peuvent avoir de graves implications \u00e0 long terme.<\/p>\n<p>L&rsquo;initiative port\u00e9e par Axe Sant\u00e9 vise \u00e0 r\u00e9volutionner le processus de diagnostic en mesurant trois biomarqueurs dans le sang, qui sont lib\u00e9r\u00e9s dans la circulation sanguine \u00e0 cause de micro-l\u00e9sions c\u00e9r\u00e9brales suite \u00e0 un traumatisme. L&rsquo;objectif est de concevoir un dispositif compact et portable capable de d\u00e9tecter ces biomarqueurs, ce qui indiquerait si une personne a subi un TCL. Cette mesure imm\u00e9diate et moins invasive permettrait aux premiers intervenants, y compris les entra\u00eeneurs sportifs, les infirmi\u00e8res scolaires, les param\u00e9dicaux, les m\u00e9decins d&rsquo;urgence et les patrouilleurs, de d\u00e9tecter rapidement les \u00e9ventuelles blessures \u00e0 la t\u00eate et de prendre les mesures appropri\u00e9es. Cette solution est primordiale pour les incidents de tous les jours survenant lors d&rsquo;\u00e9v\u00e9nements sportifs ou de jeux d&rsquo;enfants, o\u00f9 m\u00eame des impacts mineurs peuvent avoir de graves cons\u00e9quences \u00e0 long terme.<\/p>\n<h4>R\u00e9volutionner la d\u00e9tection des traumatismes cr\u00e2niens<\/h4>\n<p>Ce projet est soutenu par l\u2019<a href=\"https:\/\/www.snf.ch\/fr\/m1BuKkhqcSedG8Ix\/encouragement\/programmes\/bridge\" target=\"_blank\" rel=\"noopener\">initiative nationale BRIDGE<\/a> et dirig\u00e9 par le professeur Marc E. Pfeifer \u00e0 la Haute \u00c9cole d&rsquo;Ing\u00e9nierie. La premi\u00e8re phase du projet a consist\u00e9 \u00e0 valider l&rsquo;approche choisie, qui a r\u00e9v\u00e9l\u00e9 des limites dans les syst\u00e8mes existants et a mis en \u00e9vidence la n\u00e9cessit\u00e9 d&rsquo;un niveau de performance sup\u00e9rieur. D\u00e9termin\u00e9s \u00e0 surmonter ces obstacles, Denis Prim et son \u00e9quipe, en collaboration avec des sp\u00e9cialistes de l&rsquo;<a href=\"https:\/\/www.hevs.ch\/fr\/pages-instituts\/institut-systemes-industriels-1478\">Institut Syst\u00e8mes industriels<\/a>, se sont lanc\u00e9s dans le d\u00e9veloppement d&rsquo;un nouvel instrument de mesure. Ce dispositif complet int\u00e8gre des modules optiques, m\u00e9caniques et \u00e9lectroniques, ainsi qu&rsquo;un logiciel personnalis\u00e9.<\/p>\n<p>Gr\u00e2ce au soutien de l&rsquo;Axe Sant\u00e9 et d&rsquo;un projet substantiel d&rsquo;Innosuisse, l&rsquo;\u00e9quipe peut collaborer avec des partenaires tels que les h\u00f4pitaux, les m\u00e9decins et les assureurs accidents pour d\u00e9centraliser le processus de diagnostic et garantir des soins de qualit\u00e9 aux patients.<\/p>\n","protected":false},"excerpt":{"rendered":"<p>Axe Sant\u00e9, un centre interdisciplinaire pour le d\u00e9veloppement de technologies de sant\u00e9, sert de pivot qui unifie tous les instituts de recherche de la HES-SO Valais-Wallis.<\/p>\n","protected":false},"author":3,"featured_media":11942,"comment_status":"closed","ping_status":"closed","sticky":false,"template":"","format":"standard","meta":{"_acf_changed":false,"inline_featured_image":false,"mc4wp_mailchimp_campaign":[],"footnotes":""},"categories":[843],"tags":[1033,1038,1068,1081],"class_list":["post-11941","post","type-post","status-publish","format-standard","has-post-thumbnail","hentry","category-sciences-de-la-vie","tag-digital-health-fr","tag-education-fr","tag-personalized-medicine-fr","tag-sustainability-fr"],"acf":[],"yoast_head":"<!-- This site is optimized with the Yoast SEO plugin v27.2 - https:\/\/yoast.com\/product\/yoast-seo-wordpress\/ -->\n<title>Axe Sant\u00e9, le centre valaisan pour les technologies de sant\u00e9 durables - Greater Geneva Bern area<\/title>\n<meta name=\"robots\" content=\"index, follow, max-snippet:-1, max-image-preview:large, max-video-preview:-1\" \/>\n<link rel=\"canonical\" href=\"https:\/\/ggba.swiss\/fr\/axe-sante-le-centre-valaisan-pour-les-technologies-de-sante-durables\/\" \/>\n<meta property=\"og:locale\" content=\"fr_FR\" \/>\n<meta property=\"og:type\" content=\"article\" \/>\n<meta property=\"og:title\" content=\"Axe Sant\u00e9, le centre valaisan pour les technologies de sant\u00e9 durables - Greater Geneva Bern area\" \/>\n<meta property=\"og:description\" content=\"Axe Sant\u00e9, un centre interdisciplinaire pour le d\u00e9veloppement de technologies de sant\u00e9, sert de pivot qui unifie tous les instituts de recherche de la HES-SO Valais-Wallis.\" \/>\n<meta property=\"og:url\" content=\"https:\/\/ggba.swiss\/fr\/axe-sante-le-centre-valaisan-pour-les-technologies-de-sante-durables\/\" \/>\n<meta property=\"og:site_name\" content=\"Greater Geneva Bern area\" \/>\n<meta property=\"article:published_time\" content=\"2023-06-19T05:36:44+00:00\" \/>\n<meta property=\"article:modified_time\" content=\"2023-07-04T11:44:21+00:00\" \/>\n<meta property=\"og:image\" content=\"https:\/\/staging.ggba.swiss\/app\/uploads\/2023\/06\/HES-SO-Valais-Wallis-630x380-1-1.jpg\" \/>\n\t<meta property=\"og:image:width\" content=\"630\" \/>\n\t<meta property=\"og:image:height\" content=\"380\" \/>\n\t<meta property=\"og:image:type\" content=\"image\/jpeg\" \/>\n<meta name=\"author\" content=\"mathieu\" \/>\n<meta name=\"twitter:card\" content=\"summary_large_image\" \/>\n<meta name=\"twitter:label1\" content=\"\u00c9crit par\" \/>\n\t<meta name=\"twitter:data1\" content=\"mathieu\" \/>\n\t<meta name=\"twitter:label2\" content=\"Dur\u00e9e de lecture estim\u00e9e\" \/>\n\t<meta name=\"twitter:data2\" content=\"3 minutes\" \/>\n<script type=\"application\/ld+json\" class=\"yoast-schema-graph\">{\"@context\":\"https:\/\/schema.org\",\"@graph\":[{\"@type\":\"Article\",\"@id\":\"https:\/\/ggba.swiss\/fr\/axe-sante-le-centre-valaisan-pour-les-technologies-de-sante-durables\/#article\",\"isPartOf\":{\"@id\":\"https:\/\/ggba.swiss\/fr\/axe-sante-le-centre-valaisan-pour-les-technologies-de-sante-durables\/\"},\"author\":{\"name\":\"mathieu\",\"@id\":\"https:\/\/staging.ggba.swiss\/en\/#\/schema\/person\/de091cdfd7d8bce46f9b8b1cf9d868ab\"},\"headline\":\"Axe Sant\u00e9, le centre valaisan pour les technologies de sant\u00e9 durables\",\"datePublished\":\"2023-06-19T05:36:44+00:00\",\"dateModified\":\"2023-07-04T11:44:21+00:00\",\"mainEntityOfPage\":{\"@id\":\"https:\/\/ggba.swiss\/fr\/axe-sante-le-centre-valaisan-pour-les-technologies-de-sante-durables\/\"},\"wordCount\":543,\"image\":{\"@id\":\"https:\/\/ggba.swiss\/fr\/axe-sante-le-centre-valaisan-pour-les-technologies-de-sante-durables\/#primaryimage\"},\"thumbnailUrl\":\"https:\/\/ggba.swiss\/app\/uploads\/2023\/06\/HES-SO-Valais-Wallis-630x380-1-1.jpg\",\"keywords\":[\"Digital Health\",\"Education\",\"Personalized Medicine\",\"Sustainability\"],\"articleSection\":[\"Sciences de la vie\"],\"inLanguage\":\"fr-FR\"},{\"@type\":\"WebPage\",\"@id\":\"https:\/\/ggba.swiss\/fr\/axe-sante-le-centre-valaisan-pour-les-technologies-de-sante-durables\/\",\"url\":\"https:\/\/ggba.swiss\/fr\/axe-sante-le-centre-valaisan-pour-les-technologies-de-sante-durables\/\",\"name\":\"Axe Sant\u00e9, le centre valaisan pour les technologies de sant\u00e9 durables - Greater Geneva Bern area\",\"isPartOf\":{\"@id\":\"https:\/\/staging.ggba.swiss\/en\/#website\"},\"primaryImageOfPage\":{\"@id\":\"https:\/\/ggba.swiss\/fr\/axe-sante-le-centre-valaisan-pour-les-technologies-de-sante-durables\/#primaryimage\"},\"image\":{\"@id\":\"https:\/\/ggba.swiss\/fr\/axe-sante-le-centre-valaisan-pour-les-technologies-de-sante-durables\/#primaryimage\"},\"thumbnailUrl\":\"https:\/\/ggba.swiss\/app\/uploads\/2023\/06\/HES-SO-Valais-Wallis-630x380-1-1.jpg\",\"datePublished\":\"2023-06-19T05:36:44+00:00\",\"dateModified\":\"2023-07-04T11:44:21+00:00\",\"author\":{\"@id\":\"https:\/\/staging.ggba.swiss\/en\/#\/schema\/person\/de091cdfd7d8bce46f9b8b1cf9d868ab\"},\"breadcrumb\":{\"@id\":\"https:\/\/ggba.swiss\/fr\/axe-sante-le-centre-valaisan-pour-les-technologies-de-sante-durables\/#breadcrumb\"},\"inLanguage\":\"fr-FR\",\"potentialAction\":[{\"@type\":\"ReadAction\",\"target\":[\"https:\/\/ggba.swiss\/fr\/axe-sante-le-centre-valaisan-pour-les-technologies-de-sante-durables\/\"]}]},{\"@type\":\"ImageObject\",\"inLanguage\":\"fr-FR\",\"@id\":\"https:\/\/ggba.swiss\/fr\/axe-sante-le-centre-valaisan-pour-les-technologies-de-sante-durables\/#primaryimage\",\"url\":\"https:\/\/ggba.swiss\/app\/uploads\/2023\/06\/HES-SO-Valais-Wallis-630x380-1-1.jpg\",\"contentUrl\":\"https:\/\/ggba.swiss\/app\/uploads\/2023\/06\/HES-SO-Valais-Wallis-630x380-1-1.jpg\",\"width\":630,\"height\":380},{\"@type\":\"BreadcrumbList\",\"@id\":\"https:\/\/ggba.swiss\/fr\/axe-sante-le-centre-valaisan-pour-les-technologies-de-sante-durables\/#breadcrumb\",\"itemListElement\":[{\"@type\":\"ListItem\",\"position\":1,\"name\":\"Home\",\"item\":\"https:\/\/ggba.swiss\/fr\/\"},{\"@type\":\"ListItem\",\"position\":2,\"name\":\"Axe Sant\u00e9, le centre valaisan pour les technologies de sant\u00e9 durables\"}]},{\"@type\":\"WebSite\",\"@id\":\"https:\/\/staging.ggba.swiss\/en\/#website\",\"url\":\"https:\/\/staging.ggba.swiss\/en\/\",\"name\":\"Greater Geneva Bern area\",\"description\":\"\",\"potentialAction\":[{\"@type\":\"SearchAction\",\"target\":{\"@type\":\"EntryPoint\",\"urlTemplate\":\"https:\/\/staging.ggba.swiss\/en\/?s={search_term_string}\"},\"query-input\":{\"@type\":\"PropertyValueSpecification\",\"valueRequired\":true,\"valueName\":\"search_term_string\"}}],\"inLanguage\":\"fr-FR\"},{\"@type\":\"Person\",\"@id\":\"https:\/\/staging.ggba.swiss\/en\/#\/schema\/person\/de091cdfd7d8bce46f9b8b1cf9d868ab\",\"name\":\"mathieu\",\"url\":\"https:\/\/ggba.swiss\/fr\/author\/mathieu\/\"}]}<\/script>\n<!-- \/ Yoast SEO plugin. -->","yoast_head_json":{"title":"Axe Sant\u00e9, le centre valaisan pour les technologies de sant\u00e9 durables - Greater Geneva Bern area","robots":{"index":"index","follow":"follow","max-snippet":"max-snippet:-1","max-image-preview":"max-image-preview:large","max-video-preview":"max-video-preview:-1"},"canonical":"https:\/\/ggba.swiss\/fr\/axe-sante-le-centre-valaisan-pour-les-technologies-de-sante-durables\/","og_locale":"fr_FR","og_type":"article","og_title":"Axe Sant\u00e9, le centre valaisan pour les technologies de sant\u00e9 durables - Greater Geneva Bern area","og_description":"Axe Sant\u00e9, un centre interdisciplinaire pour le d\u00e9veloppement de technologies de sant\u00e9, sert de pivot qui unifie tous les instituts de recherche de la HES-SO Valais-Wallis.","og_url":"https:\/\/ggba.swiss\/fr\/axe-sante-le-centre-valaisan-pour-les-technologies-de-sante-durables\/","og_site_name":"Greater Geneva Bern area","article_published_time":"2023-06-19T05:36:44+00:00","article_modified_time":"2023-07-04T11:44:21+00:00","og_image":[{"width":630,"height":380,"url":"https:\/\/staging.ggba.swiss\/app\/uploads\/2023\/06\/HES-SO-Valais-Wallis-630x380-1-1.jpg","type":"image\/jpeg"}],"author":"mathieu","twitter_card":"summary_large_image","twitter_misc":{"\u00c9crit par":"mathieu","Dur\u00e9e de lecture estim\u00e9e":"3 minutes"},"schema":{"@context":"https:\/\/schema.org","@graph":[{"@type":"Article","@id":"https:\/\/ggba.swiss\/fr\/axe-sante-le-centre-valaisan-pour-les-technologies-de-sante-durables\/#article","isPartOf":{"@id":"https:\/\/ggba.swiss\/fr\/axe-sante-le-centre-valaisan-pour-les-technologies-de-sante-durables\/"},"author":{"name":"mathieu","@id":"https:\/\/staging.ggba.swiss\/en\/#\/schema\/person\/de091cdfd7d8bce46f9b8b1cf9d868ab"},"headline":"Axe Sant\u00e9, le centre valaisan pour les technologies de sant\u00e9 durables","datePublished":"2023-06-19T05:36:44+00:00","dateModified":"2023-07-04T11:44:21+00:00","mainEntityOfPage":{"@id":"https:\/\/ggba.swiss\/fr\/axe-sante-le-centre-valaisan-pour-les-technologies-de-sante-durables\/"},"wordCount":543,"image":{"@id":"https:\/\/ggba.swiss\/fr\/axe-sante-le-centre-valaisan-pour-les-technologies-de-sante-durables\/#primaryimage"},"thumbnailUrl":"https:\/\/ggba.swiss\/app\/uploads\/2023\/06\/HES-SO-Valais-Wallis-630x380-1-1.jpg","keywords":["Digital Health","Education","Personalized Medicine","Sustainability"],"articleSection":["Sciences de la vie"],"inLanguage":"fr-FR"},{"@type":"WebPage","@id":"https:\/\/ggba.swiss\/fr\/axe-sante-le-centre-valaisan-pour-les-technologies-de-sante-durables\/","url":"https:\/\/ggba.swiss\/fr\/axe-sante-le-centre-valaisan-pour-les-technologies-de-sante-durables\/","name":"Axe Sant\u00e9, le centre valaisan pour les technologies de sant\u00e9 durables - Greater Geneva Bern area","isPartOf":{"@id":"https:\/\/staging.ggba.swiss\/en\/#website"},"primaryImageOfPage":{"@id":"https:\/\/ggba.swiss\/fr\/axe-sante-le-centre-valaisan-pour-les-technologies-de-sante-durables\/#primaryimage"},"image":{"@id":"https:\/\/ggba.swiss\/fr\/axe-sante-le-centre-valaisan-pour-les-technologies-de-sante-durables\/#primaryimage"},"thumbnailUrl":"https:\/\/ggba.swiss\/app\/uploads\/2023\/06\/HES-SO-Valais-Wallis-630x380-1-1.jpg","datePublished":"2023-06-19T05:36:44+00:00","dateModified":"2023-07-04T11:44:21+00:00","author":{"@id":"https:\/\/staging.ggba.swiss\/en\/#\/schema\/person\/de091cdfd7d8bce46f9b8b1cf9d868ab"},"breadcrumb":{"@id":"https:\/\/ggba.swiss\/fr\/axe-sante-le-centre-valaisan-pour-les-technologies-de-sante-durables\/#breadcrumb"},"inLanguage":"fr-FR","potentialAction":[{"@type":"ReadAction","target":["https:\/\/ggba.swiss\/fr\/axe-sante-le-centre-valaisan-pour-les-technologies-de-sante-durables\/"]}]},{"@type":"ImageObject","inLanguage":"fr-FR","@id":"https:\/\/ggba.swiss\/fr\/axe-sante-le-centre-valaisan-pour-les-technologies-de-sante-durables\/#primaryimage","url":"https:\/\/ggba.swiss\/app\/uploads\/2023\/06\/HES-SO-Valais-Wallis-630x380-1-1.jpg","contentUrl":"https:\/\/ggba.swiss\/app\/uploads\/2023\/06\/HES-SO-Valais-Wallis-630x380-1-1.jpg","width":630,"height":380},{"@type":"BreadcrumbList","@id":"https:\/\/ggba.swiss\/fr\/axe-sante-le-centre-valaisan-pour-les-technologies-de-sante-durables\/#breadcrumb","itemListElement":[{"@type":"ListItem","position":1,"name":"Home","item":"https:\/\/ggba.swiss\/fr\/"},{"@type":"ListItem","position":2,"name":"Axe Sant\u00e9, le centre valaisan pour les technologies de sant\u00e9 durables"}]},{"@type":"WebSite","@id":"https:\/\/staging.ggba.swiss\/en\/#website","url":"https:\/\/staging.ggba.swiss\/en\/","name":"Greater Geneva Bern area","description":"","potentialAction":[{"@type":"SearchAction","target":{"@type":"EntryPoint","urlTemplate":"https:\/\/staging.ggba.swiss\/en\/?s={search_term_string}"},"query-input":{"@type":"PropertyValueSpecification","valueRequired":true,"valueName":"search_term_string"}}],"inLanguage":"fr-FR"},{"@type":"Person","@id":"https:\/\/staging.ggba.swiss\/en\/#\/schema\/person\/de091cdfd7d8bce46f9b8b1cf9d868ab","name":"mathieu","url":"https:\/\/ggba.swiss\/fr\/author\/mathieu\/"}]}},"_links":{"self":[{"href":"https:\/\/ggba.swiss\/fr\/wp-json\/wp\/v2\/posts\/11941","targetHints":{"allow":["GET"]}}],"collection":[{"href":"https:\/\/ggba.swiss\/fr\/wp-json\/wp\/v2\/posts"}],"about":[{"href":"https:\/\/ggba.swiss\/fr\/wp-json\/wp\/v2\/types\/post"}],"author":[{"embeddable":true,"href":"https:\/\/ggba.swiss\/fr\/wp-json\/wp\/v2\/users\/3"}],"replies":[{"embeddable":true,"href":"https:\/\/ggba.swiss\/fr\/wp-json\/wp\/v2\/comments?post=11941"}],"version-history":[{"count":1,"href":"https:\/\/ggba.swiss\/fr\/wp-json\/wp\/v2\/posts\/11941\/revisions"}],"predecessor-version":[{"id":18392,"href":"https:\/\/ggba.swiss\/fr\/wp-json\/wp\/v2\/posts\/11941\/revisions\/18392"}],"wp:featuredmedia":[{"embeddable":true,"href":"https:\/\/ggba.swiss\/fr\/wp-json\/wp\/v2\/media\/11942"}],"wp:attachment":[{"href":"https:\/\/ggba.swiss\/fr\/wp-json\/wp\/v2\/media?parent=11941"}],"wp:term":[{"taxonomy":"category","embeddable":true,"href":"https:\/\/ggba.swiss\/fr\/wp-json\/wp\/v2\/categories?post=11941"},{"taxonomy":"post_tag","embeddable":true,"href":"https:\/\/ggba.swiss\/fr\/wp-json\/wp\/v2\/tags?post=11941"}],"curies":[{"name":"wp","href":"https:\/\/api.w.org\/{rel}","templated":true}]}}