{"id":18706,"date":"2023-07-03T12:35:00","date_gmt":"2023-07-03T10:35:00","guid":{"rendered":"https:\/\/ggba.swiss\/almer-technologies-raises-chf-4-5-million-to-enhance-its-augmented-reality-technology\/"},"modified":"2023-07-13T11:45:41","modified_gmt":"2023-07-13T09:45:41","slug":"almer-technologies-leve-chf-45-millions-pour-ameliorer-sa-technologie-de-realite-augmentee","status":"publish","type":"post","link":"https:\/\/ggba.swiss\/fr\/almer-technologies-leve-chf-45-millions-pour-ameliorer-sa-technologie-de-realite-augmentee\/","title":{"rendered":"Almer Technologies l\u00e8ve CHF 4,5 millions pour am\u00e9liorer sa technologie de r\u00e9alit\u00e9 augment\u00e9e"},"content":{"rendered":"\n<p><a href=\"https:\/\/almer-technologies.com\/\">Almer Technologies<\/a>, the Bern-based innovator in augmented reality (AR) solutions for industrial applications, has successfully closed a Seed 2 funding round raising CHF 4.5 millio. This financial backing is aimed to spur the development of their second-generation AR glasses, Almer Arc 2, and facilitate entry into new markets.<\/p>\n\n\n\n<p>Founded by a group of students and researchers from the Swiss Federal Institute of Technology in Zurich and Tsinghua University from Beijing, Almer is a testament to the potential of start-up culture. Back in October 2022, <a href=\"https:\/\/ggba.swiss\/almer-technologies-launches-its-augmented-reality-glasses-for-remote-industrial-monitoring\/\">Almer Technologies introduced its first product<\/a>, the Almer Arc, a novel tool for frontline workers in the tech industry. This AR solution significantly improved the process of remote technical assistance, providing a real-time interface between on-site workers and experts around the globe.<\/p>\n\n\n\n<p>The latest fundraising marks a significant milestone for Almer Technologies, reflecting the industry&rsquo;s growing confidence in its cutting-edge AR solutions. With over CHF 100,000 generated in pilot customer revenue from the sale of 200 units of the first Almer Arc, Almer is set to carry this momentum into the development of their second-generation AR glasses.<\/p>\n\n\n\n<p>Feedback from the pilot tests has been instrumental in shaping the Almer Arc 2. Notable enhancements include a brighter display, an ambient brightness sensor, and a revamped ergonomic head-mounted design for all-day comfort. Moreover, the camera&rsquo;s central position will provide remote experts with a more intuitive, first-person view of on-site issues, significantly enriching the troubleshooting process.<\/p>\n\n\n\n<h4 class=\"wp-block-heading\">AR advancements and expansion plans<\/h4>\n\n\n\n<p>The new funding round, supported by substantial industry partners and previous investors, will be used to finalize the development of the Almer Arc 2. With production slated to commence in Q4 2023, Almer plans to officially launch the Arc 2 in Q1 2024. Pilot customers are set to be the first recipients of the upgraded glasses in exchange for their first-generation units.<\/p>\n\n\n\n<p>Sebastian Beetschen, CEO and Co-Founder of Almer, expressed his optimism about the company&rsquo;s future, \u00ab\u00a0We&rsquo;ve successfully created a groundbreaking product in a remarkably short period. This Seed 2 funding enables us to refine the Almer Arc even more and significantly expand our production to meet the accelerating demand.\u00a0\u00bb<\/p>\n\n\n\n<p>Amid a global shift towards remote operations, Almer Technologies&rsquo; advancements in AR are set to redefine the landscape of remote technical assistance, consolidating the company&rsquo;s position at the forefront of this emergent field.<\/p>\n\n\n\n<p><a href=\"https:\/\/almer-technologies.com\/\">Almer Technologies<\/a>, le sp\u00e9cialiste bernois des solutions de r\u00e9alit\u00e9 augment\u00e9e (AR) pour les applications industrielles, a cl\u00f4tur\u00e9 un tour de financement, levant CHF 4,5 millions. Ce soutien financier vise \u00e0 stimuler le d\u00e9veloppement de leur deuxi\u00e8me g\u00e9n\u00e9ration de lunettes AR, Almer Arc 2, et \u00e0 faciliter l&rsquo;entr\u00e9e sur de nouveaux march\u00e9s.<\/p>\n\n\n\n<p>Fond\u00e9 par un groupe d&rsquo;\u00e9tudiants et de chercheurs de l&rsquo;\u00c9cole polytechnique f\u00e9d\u00e9rale de Zurich et de l&rsquo;Universit\u00e9 Tsinghua de P\u00e9kin, Almer est un t\u00e9moignage du potentiel de la culture start-up. En octobre 2022, <a href=\"https:\/\/ggba.swiss\/fr\/almer-technologies-lance-ses-lunettes-de-realite-augmentee-pour-la-telesurveillance-industrielle\/\">Almer Technologies a lanc\u00e9 son premier produit<\/a>, l&rsquo;Almer Arc, un outil innovant pour les travailleurs de premi\u00e8re ligne dans l&rsquo;industrie technologique. Cette solution AR a consid\u00e9rablement am\u00e9lior\u00e9 le processus d&rsquo;assistance technique \u00e0 distance, en fournissant une interface en temps r\u00e9el entre les travailleurs sur site et les experts \u00e0 travers le monde.<\/p>\n\n\n\n<p>La derni\u00e8re lev\u00e9e de fonds marque une \u00e9tape significative pour Almer Technologies, refl\u00e9tant la confiance croissante de l&rsquo;industrie dans ses solutions AR de pointe. Avec plus de CHF 100&rsquo;000 g\u00e9n\u00e9r\u00e9s par la vente de 200 unit\u00e9s du premier Almer Arc, Almer est pr\u00eat \u00e0 porter cet \u00e9lan dans le d\u00e9veloppement de leurs lunettes AR de deuxi\u00e8me g\u00e9n\u00e9ration.<\/p>\n\n\n\n<p>Les retours des tests pilotes ont \u00e9t\u00e9 essentiels pour fa\u00e7onner l&rsquo;Almer Arc 2. Parmi les am\u00e9liorations notables, citons un affichage plus lumineux, un capteur de luminosit\u00e9 ambiante, et un design ergonomique repens\u00e9 pour un port tout au long de la journ\u00e9e. De plus, la position centrale de la cam\u00e9ra offrira aux experts \u00e0 distance une vue plus intuitive et en premi\u00e8re personne des probl\u00e8mes sur site, enrichissant consid\u00e9rablement le processus de d\u00e9pannage.<\/p>\n\n\n\n<h4 class=\"wp-block-heading\">Avanc\u00e9es en r\u00e9alit\u00e9 augment\u00e9e et perspectives d&rsquo;expansion<\/h4>\n\n\n\n<p>Le nouveau tour de financement, soutenu par d&rsquo;importants partenaires industriels et des investisseurs pr\u00e9c\u00e9dents, sera utilis\u00e9 pour finaliser le d\u00e9veloppement de l&rsquo;Almer Arc 2. Avec une production pr\u00e9vue pour commencer au quatri\u00e8me trimestre 2023, Almer pr\u00e9voit de lancer officiellement l&rsquo;Arc 2 au premier trimestre 2024. Les clients pilotes seront les premiers \u00e0 recevoir les lunettes am\u00e9lior\u00e9es en \u00e9change de leurs unit\u00e9s de premi\u00e8re g\u00e9n\u00e9ration.<\/p>\n\n\n\n<p>Sebastian Beetschen, CEO et co-fondateur d&rsquo;Almer, a exprim\u00e9 son optimisme quant \u00e0 l&rsquo;avenir de l&rsquo;entreprise, \u00ab&nbsp;Nous avons r\u00e9ussi \u00e0 cr\u00e9er un produit r\u00e9volutionnaire en un temps remarquablement court. Ce financement de Seed 2 nous permet de perfectionner encore plus l&rsquo;Almer Arc et d&rsquo;augmenter consid\u00e9rablement notre production pour r\u00e9pondre \u00e0 la demande croissante.&nbsp;\u00bb<\/p>\n\n\n\n<p>Dans le contexte d&rsquo;une \u00e9volution mondiale vers les op\u00e9rations \u00e0 distance, les avanc\u00e9es d&rsquo;Almer Technologies dans le domaine de la r\u00e9alit\u00e9 augment\u00e9e devraient red\u00e9finir le paysage de l&rsquo;assistance technique \u00e0 distance, consolidant ainsi la position de l&rsquo;entreprise \u00e0 l&rsquo;avant-garde de ce domaine \u00e9mergent.<\/p>\n","protected":false},"excerpt":{"rendered":"<p>Almer Technologies a lev\u00e9 CHF 4,5 millions pour perfectionner ses lunettes AR, Almer Arc 2, et se d\u00e9velopper sur de nouveaux march\u00e9s.<\/p>\n","protected":false},"author":6,"featured_media":18703,"comment_status":"open","ping_status":"open","sticky":false,"template":"","format":"standard","meta":{"_acf_changed":false,"inline_featured_image":false,"mc4wp_mailchimp_campaign":[],"footnotes":""},"categories":[845],"tags":[1017,1034,1106,1077,1088],"class_list":["post-18706","post","type-post","status-publish","format-standard","has-post-thumbnail","hentry","category-tech","tag-augmented-reality-fr","tag-digital-transformation-2","tag-ict-2","tag-software-fr","tag-virtual-reality-fr"],"acf":[],"yoast_head":"<!-- This site is optimized with the Yoast SEO plugin v27.2 - https:\/\/yoast.com\/product\/yoast-seo-wordpress\/ -->\n<title>Almer Technologies l\u00e8ve CHF 4,5 millions pour am\u00e9liorer sa technologie de r\u00e9alit\u00e9 augment\u00e9e - Greater Geneva Bern area<\/title>\n<meta name=\"robots\" content=\"index, follow, max-snippet:-1, max-image-preview:large, max-video-preview:-1\" \/>\n<link rel=\"canonical\" href=\"https:\/\/ggba.swiss\/fr\/almer-technologies-leve-chf-45-millions-pour-ameliorer-sa-technologie-de-realite-augmentee\/\" \/>\n<meta property=\"og:locale\" content=\"fr_FR\" \/>\n<meta property=\"og:type\" content=\"article\" \/>\n<meta property=\"og:title\" content=\"Almer Technologies l\u00e8ve CHF 4,5 millions pour am\u00e9liorer sa technologie de r\u00e9alit\u00e9 augment\u00e9e - Greater Geneva Bern area\" \/>\n<meta property=\"og:description\" content=\"Almer Technologies a lev\u00e9 CHF 4,5 millions pour perfectionner ses lunettes AR, Almer Arc 2, et se d\u00e9velopper sur de nouveaux march\u00e9s.\" \/>\n<meta property=\"og:url\" content=\"https:\/\/ggba.swiss\/fr\/almer-technologies-leve-chf-45-millions-pour-ameliorer-sa-technologie-de-realite-augmentee\/\" \/>\n<meta property=\"og:site_name\" content=\"Greater Geneva Bern area\" \/>\n<meta property=\"article:published_time\" content=\"2023-07-03T10:35:00+00:00\" \/>\n<meta property=\"article:modified_time\" content=\"2023-07-13T09:45:41+00:00\" \/>\n<meta property=\"og:image\" content=\"https:\/\/ggba.swiss\/app\/uploads\/2023\/07\/Almer-Technologies-630x380-1.jpg\" \/>\n\t<meta property=\"og:image:width\" content=\"630\" \/>\n\t<meta property=\"og:image:height\" content=\"380\" \/>\n\t<meta property=\"og:image:type\" content=\"image\/jpeg\" \/>\n<meta name=\"author\" content=\"Pierre-Yves Oehrli\" \/>\n<meta name=\"twitter:card\" content=\"summary_large_image\" \/>\n<meta name=\"twitter:label1\" content=\"\u00c9crit par\" \/>\n\t<meta name=\"twitter:data1\" content=\"Pierre-Yves Oehrli\" \/>\n\t<meta name=\"twitter:label2\" content=\"Dur\u00e9e de lecture estim\u00e9e\" \/>\n\t<meta name=\"twitter:data2\" content=\"4 minutes\" \/>\n<script type=\"application\/ld+json\" class=\"yoast-schema-graph\">{\"@context\":\"https:\/\/schema.org\",\"@graph\":[{\"@type\":\"Article\",\"@id\":\"https:\/\/ggba.swiss\/fr\/almer-technologies-leve-chf-45-millions-pour-ameliorer-sa-technologie-de-realite-augmentee\/#article\",\"isPartOf\":{\"@id\":\"https:\/\/ggba.swiss\/fr\/almer-technologies-leve-chf-45-millions-pour-ameliorer-sa-technologie-de-realite-augmentee\/\"},\"author\":{\"name\":\"Pierre-Yves Oehrli\",\"@id\":\"https:\/\/staging.ggba.swiss\/en\/#\/schema\/person\/0b2e6d04131e3d01237dcb741fa33d41\"},\"headline\":\"Almer Technologies l\u00e8ve CHF 4,5 millions pour am\u00e9liorer sa technologie de r\u00e9alit\u00e9 augment\u00e9e\",\"datePublished\":\"2023-07-03T10:35:00+00:00\",\"dateModified\":\"2023-07-13T09:45:41+00:00\",\"mainEntityOfPage\":{\"@id\":\"https:\/\/ggba.swiss\/fr\/almer-technologies-leve-chf-45-millions-pour-ameliorer-sa-technologie-de-realite-augmentee\/\"},\"wordCount\":889,\"commentCount\":0,\"image\":{\"@id\":\"https:\/\/ggba.swiss\/fr\/almer-technologies-leve-chf-45-millions-pour-ameliorer-sa-technologie-de-realite-augmentee\/#primaryimage\"},\"thumbnailUrl\":\"https:\/\/ggba.swiss\/app\/uploads\/2023\/07\/Almer-Technologies-630x380-1.jpg\",\"keywords\":[\"Augmented Reality\",\"Digital Transformation\",\"ICT\",\"Software\",\"Virtual Reality\"],\"articleSection\":[\"Tech\"],\"inLanguage\":\"fr-FR\",\"potentialAction\":[{\"@type\":\"CommentAction\",\"name\":\"Comment\",\"target\":[\"https:\/\/ggba.swiss\/fr\/almer-technologies-leve-chf-45-millions-pour-ameliorer-sa-technologie-de-realite-augmentee\/#respond\"]}]},{\"@type\":\"WebPage\",\"@id\":\"https:\/\/ggba.swiss\/fr\/almer-technologies-leve-chf-45-millions-pour-ameliorer-sa-technologie-de-realite-augmentee\/\",\"url\":\"https:\/\/ggba.swiss\/fr\/almer-technologies-leve-chf-45-millions-pour-ameliorer-sa-technologie-de-realite-augmentee\/\",\"name\":\"Almer Technologies l\u00e8ve CHF 4,5 millions pour am\u00e9liorer sa technologie de r\u00e9alit\u00e9 augment\u00e9e - Greater Geneva Bern area\",\"isPartOf\":{\"@id\":\"https:\/\/staging.ggba.swiss\/en\/#website\"},\"primaryImageOfPage\":{\"@id\":\"https:\/\/ggba.swiss\/fr\/almer-technologies-leve-chf-45-millions-pour-ameliorer-sa-technologie-de-realite-augmentee\/#primaryimage\"},\"image\":{\"@id\":\"https:\/\/ggba.swiss\/fr\/almer-technologies-leve-chf-45-millions-pour-ameliorer-sa-technologie-de-realite-augmentee\/#primaryimage\"},\"thumbnailUrl\":\"https:\/\/ggba.swiss\/app\/uploads\/2023\/07\/Almer-Technologies-630x380-1.jpg\",\"datePublished\":\"2023-07-03T10:35:00+00:00\",\"dateModified\":\"2023-07-13T09:45:41+00:00\",\"author\":{\"@id\":\"https:\/\/staging.ggba.swiss\/en\/#\/schema\/person\/0b2e6d04131e3d01237dcb741fa33d41\"},\"breadcrumb\":{\"@id\":\"https:\/\/ggba.swiss\/fr\/almer-technologies-leve-chf-45-millions-pour-ameliorer-sa-technologie-de-realite-augmentee\/#breadcrumb\"},\"inLanguage\":\"fr-FR\",\"potentialAction\":[{\"@type\":\"ReadAction\",\"target\":[\"https:\/\/ggba.swiss\/fr\/almer-technologies-leve-chf-45-millions-pour-ameliorer-sa-technologie-de-realite-augmentee\/\"]}]},{\"@type\":\"ImageObject\",\"inLanguage\":\"fr-FR\",\"@id\":\"https:\/\/ggba.swiss\/fr\/almer-technologies-leve-chf-45-millions-pour-ameliorer-sa-technologie-de-realite-augmentee\/#primaryimage\",\"url\":\"https:\/\/ggba.swiss\/app\/uploads\/2023\/07\/Almer-Technologies-630x380-1.jpg\",\"contentUrl\":\"https:\/\/ggba.swiss\/app\/uploads\/2023\/07\/Almer-Technologies-630x380-1.jpg\",\"width\":630,\"height\":380,\"caption\":\"Almer Technologies d\u00e9veloppe des lunettes AR qui permettent une utilisation mains libres, de longues p\u00e9riodes de port, une correction des lunettes personnelles et des branches pliables. | \u00a9 Almer Technologies\"},{\"@type\":\"BreadcrumbList\",\"@id\":\"https:\/\/ggba.swiss\/fr\/almer-technologies-leve-chf-45-millions-pour-ameliorer-sa-technologie-de-realite-augmentee\/#breadcrumb\",\"itemListElement\":[{\"@type\":\"ListItem\",\"position\":1,\"name\":\"Home\",\"item\":\"https:\/\/ggba.swiss\/fr\/\"},{\"@type\":\"ListItem\",\"position\":2,\"name\":\"Almer Technologies l\u00e8ve CHF 4,5 millions pour am\u00e9liorer sa technologie de r\u00e9alit\u00e9 augment\u00e9e\"}]},{\"@type\":\"WebSite\",\"@id\":\"https:\/\/staging.ggba.swiss\/en\/#website\",\"url\":\"https:\/\/staging.ggba.swiss\/en\/\",\"name\":\"Greater Geneva Bern area\",\"description\":\"\",\"potentialAction\":[{\"@type\":\"SearchAction\",\"target\":{\"@type\":\"EntryPoint\",\"urlTemplate\":\"https:\/\/staging.ggba.swiss\/en\/?s={search_term_string}\"},\"query-input\":{\"@type\":\"PropertyValueSpecification\",\"valueRequired\":true,\"valueName\":\"search_term_string\"}}],\"inLanguage\":\"fr-FR\"},{\"@type\":\"Person\",\"@id\":\"https:\/\/staging.ggba.swiss\/en\/#\/schema\/person\/0b2e6d04131e3d01237dcb741fa33d41\",\"name\":\"Pierre-Yves Oehrli\",\"url\":\"https:\/\/ggba.swiss\/fr\/author\/pierre-yves-oehrli\/\"}]}<\/script>\n<!-- \/ Yoast SEO plugin. -->","yoast_head_json":{"title":"Almer Technologies l\u00e8ve CHF 4,5 millions pour am\u00e9liorer sa technologie de r\u00e9alit\u00e9 augment\u00e9e - Greater Geneva Bern area","robots":{"index":"index","follow":"follow","max-snippet":"max-snippet:-1","max-image-preview":"max-image-preview:large","max-video-preview":"max-video-preview:-1"},"canonical":"https:\/\/ggba.swiss\/fr\/almer-technologies-leve-chf-45-millions-pour-ameliorer-sa-technologie-de-realite-augmentee\/","og_locale":"fr_FR","og_type":"article","og_title":"Almer Technologies l\u00e8ve CHF 4,5 millions pour am\u00e9liorer sa technologie de r\u00e9alit\u00e9 augment\u00e9e - Greater Geneva Bern area","og_description":"Almer Technologies a lev\u00e9 CHF 4,5 millions pour perfectionner ses lunettes AR, Almer Arc 2, et se d\u00e9velopper sur de nouveaux march\u00e9s.","og_url":"https:\/\/ggba.swiss\/fr\/almer-technologies-leve-chf-45-millions-pour-ameliorer-sa-technologie-de-realite-augmentee\/","og_site_name":"Greater Geneva Bern area","article_published_time":"2023-07-03T10:35:00+00:00","article_modified_time":"2023-07-13T09:45:41+00:00","og_image":[{"width":630,"height":380,"url":"https:\/\/ggba.swiss\/app\/uploads\/2023\/07\/Almer-Technologies-630x380-1.jpg","type":"image\/jpeg"}],"author":"Pierre-Yves Oehrli","twitter_card":"summary_large_image","twitter_misc":{"\u00c9crit par":"Pierre-Yves Oehrli","Dur\u00e9e de lecture estim\u00e9e":"4 minutes"},"schema":{"@context":"https:\/\/schema.org","@graph":[{"@type":"Article","@id":"https:\/\/ggba.swiss\/fr\/almer-technologies-leve-chf-45-millions-pour-ameliorer-sa-technologie-de-realite-augmentee\/#article","isPartOf":{"@id":"https:\/\/ggba.swiss\/fr\/almer-technologies-leve-chf-45-millions-pour-ameliorer-sa-technologie-de-realite-augmentee\/"},"author":{"name":"Pierre-Yves Oehrli","@id":"https:\/\/staging.ggba.swiss\/en\/#\/schema\/person\/0b2e6d04131e3d01237dcb741fa33d41"},"headline":"Almer Technologies l\u00e8ve CHF 4,5 millions pour am\u00e9liorer sa technologie de r\u00e9alit\u00e9 augment\u00e9e","datePublished":"2023-07-03T10:35:00+00:00","dateModified":"2023-07-13T09:45:41+00:00","mainEntityOfPage":{"@id":"https:\/\/ggba.swiss\/fr\/almer-technologies-leve-chf-45-millions-pour-ameliorer-sa-technologie-de-realite-augmentee\/"},"wordCount":889,"commentCount":0,"image":{"@id":"https:\/\/ggba.swiss\/fr\/almer-technologies-leve-chf-45-millions-pour-ameliorer-sa-technologie-de-realite-augmentee\/#primaryimage"},"thumbnailUrl":"https:\/\/ggba.swiss\/app\/uploads\/2023\/07\/Almer-Technologies-630x380-1.jpg","keywords":["Augmented Reality","Digital Transformation","ICT","Software","Virtual Reality"],"articleSection":["Tech"],"inLanguage":"fr-FR","potentialAction":[{"@type":"CommentAction","name":"Comment","target":["https:\/\/ggba.swiss\/fr\/almer-technologies-leve-chf-45-millions-pour-ameliorer-sa-technologie-de-realite-augmentee\/#respond"]}]},{"@type":"WebPage","@id":"https:\/\/ggba.swiss\/fr\/almer-technologies-leve-chf-45-millions-pour-ameliorer-sa-technologie-de-realite-augmentee\/","url":"https:\/\/ggba.swiss\/fr\/almer-technologies-leve-chf-45-millions-pour-ameliorer-sa-technologie-de-realite-augmentee\/","name":"Almer Technologies l\u00e8ve CHF 4,5 millions pour am\u00e9liorer sa technologie de r\u00e9alit\u00e9 augment\u00e9e - Greater Geneva Bern area","isPartOf":{"@id":"https:\/\/staging.ggba.swiss\/en\/#website"},"primaryImageOfPage":{"@id":"https:\/\/ggba.swiss\/fr\/almer-technologies-leve-chf-45-millions-pour-ameliorer-sa-technologie-de-realite-augmentee\/#primaryimage"},"image":{"@id":"https:\/\/ggba.swiss\/fr\/almer-technologies-leve-chf-45-millions-pour-ameliorer-sa-technologie-de-realite-augmentee\/#primaryimage"},"thumbnailUrl":"https:\/\/ggba.swiss\/app\/uploads\/2023\/07\/Almer-Technologies-630x380-1.jpg","datePublished":"2023-07-03T10:35:00+00:00","dateModified":"2023-07-13T09:45:41+00:00","author":{"@id":"https:\/\/staging.ggba.swiss\/en\/#\/schema\/person\/0b2e6d04131e3d01237dcb741fa33d41"},"breadcrumb":{"@id":"https:\/\/ggba.swiss\/fr\/almer-technologies-leve-chf-45-millions-pour-ameliorer-sa-technologie-de-realite-augmentee\/#breadcrumb"},"inLanguage":"fr-FR","potentialAction":[{"@type":"ReadAction","target":["https:\/\/ggba.swiss\/fr\/almer-technologies-leve-chf-45-millions-pour-ameliorer-sa-technologie-de-realite-augmentee\/"]}]},{"@type":"ImageObject","inLanguage":"fr-FR","@id":"https:\/\/ggba.swiss\/fr\/almer-technologies-leve-chf-45-millions-pour-ameliorer-sa-technologie-de-realite-augmentee\/#primaryimage","url":"https:\/\/ggba.swiss\/app\/uploads\/2023\/07\/Almer-Technologies-630x380-1.jpg","contentUrl":"https:\/\/ggba.swiss\/app\/uploads\/2023\/07\/Almer-Technologies-630x380-1.jpg","width":630,"height":380,"caption":"Almer Technologies d\u00e9veloppe des lunettes AR qui permettent une utilisation mains libres, de longues p\u00e9riodes de port, une correction des lunettes personnelles et des branches pliables. | \u00a9 Almer Technologies"},{"@type":"BreadcrumbList","@id":"https:\/\/ggba.swiss\/fr\/almer-technologies-leve-chf-45-millions-pour-ameliorer-sa-technologie-de-realite-augmentee\/#breadcrumb","itemListElement":[{"@type":"ListItem","position":1,"name":"Home","item":"https:\/\/ggba.swiss\/fr\/"},{"@type":"ListItem","position":2,"name":"Almer Technologies l\u00e8ve CHF 4,5 millions pour am\u00e9liorer sa technologie de r\u00e9alit\u00e9 augment\u00e9e"}]},{"@type":"WebSite","@id":"https:\/\/staging.ggba.swiss\/en\/#website","url":"https:\/\/staging.ggba.swiss\/en\/","name":"Greater Geneva Bern area","description":"","potentialAction":[{"@type":"SearchAction","target":{"@type":"EntryPoint","urlTemplate":"https:\/\/staging.ggba.swiss\/en\/?s={search_term_string}"},"query-input":{"@type":"PropertyValueSpecification","valueRequired":true,"valueName":"search_term_string"}}],"inLanguage":"fr-FR"},{"@type":"Person","@id":"https:\/\/staging.ggba.swiss\/en\/#\/schema\/person\/0b2e6d04131e3d01237dcb741fa33d41","name":"Pierre-Yves Oehrli","url":"https:\/\/ggba.swiss\/fr\/author\/pierre-yves-oehrli\/"}]}},"_links":{"self":[{"href":"https:\/\/ggba.swiss\/fr\/wp-json\/wp\/v2\/posts\/18706","targetHints":{"allow":["GET"]}}],"collection":[{"href":"https:\/\/ggba.swiss\/fr\/wp-json\/wp\/v2\/posts"}],"about":[{"href":"https:\/\/ggba.swiss\/fr\/wp-json\/wp\/v2\/types\/post"}],"author":[{"embeddable":true,"href":"https:\/\/ggba.swiss\/fr\/wp-json\/wp\/v2\/users\/6"}],"replies":[{"embeddable":true,"href":"https:\/\/ggba.swiss\/fr\/wp-json\/wp\/v2\/comments?post=18706"}],"version-history":[{"count":1,"href":"https:\/\/ggba.swiss\/fr\/wp-json\/wp\/v2\/posts\/18706\/revisions"}],"predecessor-version":[{"id":18708,"href":"https:\/\/ggba.swiss\/fr\/wp-json\/wp\/v2\/posts\/18706\/revisions\/18708"}],"wp:featuredmedia":[{"embeddable":true,"href":"https:\/\/ggba.swiss\/fr\/wp-json\/wp\/v2\/media\/18703"}],"wp:attachment":[{"href":"https:\/\/ggba.swiss\/fr\/wp-json\/wp\/v2\/media?parent=18706"}],"wp:term":[{"taxonomy":"category","embeddable":true,"href":"https:\/\/ggba.swiss\/fr\/wp-json\/wp\/v2\/categories?post=18706"},{"taxonomy":"post_tag","embeddable":true,"href":"https:\/\/ggba.swiss\/fr\/wp-json\/wp\/v2\/tags?post=18706"}],"curies":[{"name":"wp","href":"https:\/\/api.w.org\/{rel}","templated":true}]}}