{"id":22235,"date":"2024-02-14T09:00:00","date_gmt":"2024-02-14T08:00:00","guid":{"rendered":"https:\/\/ggba.swiss\/innovation-capabilities-agrifood-in-the-canton-of-fribourg-4-11\/"},"modified":"2024-01-24T14:18:50","modified_gmt":"2024-01-24T13:18:50","slug":"capacites-dinnovation-agrifood-dans-le-canton-de-fribourg-4-11","status":"publish","type":"post","link":"https:\/\/ggba.swiss\/fr\/capacites-dinnovation-agrifood-dans-le-canton-de-fribourg-4-11\/","title":{"rendered":"Capacit\u00e9s d&rsquo;innovation (Agri&#038;Food dans le canton de Fribourg 4\/11)"},"content":{"rendered":"\n<p>\u00ab\u00a0Capacit\u00e9s d&rsquo;innovation\u00a0\u00bb met en lumi\u00e8re le dynamisme de l&rsquo;innovation dans le secteur agroalimentaire fribourgeois. Bloom Biorenewables et Seprify (anciennement Impossible Materials), qui figurent toutes deux parmi le Top 100 des meilleures start-ups de Suisse, en sont de parfaits exemples. Bloom Biorenewables r\u00e9volutionne l&rsquo;industrie du parfum en transformant les biomol\u00e9cules de la lignine en ar\u00f4mes, offrant ainsi une alternative durable aux ar\u00f4mes de vanille issus de la p\u00e9trochimie. Seprify fait \u0153uvre de pionnier en proposant une alternative au dioxyde de titane \u00e0 base de cellulose, cruciale pour l&rsquo;industrie alimentaire.<\/p>\n\n\n\n<p>Cet \u00e9pisode se penche \u00e9galement sur des projets collaboratifs tels que le projet KERA, qui transforme les plumes de poulet en polym\u00e8res pour les emballages plastiques, illustrant ainsi l&rsquo;utilisation innovante des d\u00e9chets. En outre, le canton de Fribourg soutient des projets visant \u00e0 \u00e9valuer la durabilit\u00e9 des produits d&rsquo;appellation d&rsquo;origine prot\u00e9g\u00e9e fabriqu\u00e9s localement, tels que les fromages Gruy\u00e8re et Vacherin, ce qui t\u00e9moigne de l&rsquo;engagement de la r\u00e9gion en faveur de l&rsquo;innovation dans les pratiques traditionnelles.<\/p>\n\n\n\n<figure class=\"wp-block-embed aligncenter is-type-video is-provider-youtube wp-block-embed-youtube wp-embed-aspect-16-9 wp-has-aspect-ratio\"><div class=\"wp-block-embed__wrapper\">\n<iframe loading=\"lazy\" title=\"Agri&amp;Food in the Canton of Fribourg - Innovation Capabilities (Part 4\/11)\" width=\"500\" height=\"281\" src=\"https:\/\/www.youtube.com\/embed\/hnFSDYPZx_w?feature=oembed\" frameborder=\"0\" allow=\"accelerometer; autoplay; clipboard-write; encrypted-media; gyroscope; picture-in-picture; web-share\" referrerpolicy=\"strict-origin-when-cross-origin\" allowfullscreen><\/iframe>\n<\/div><\/figure>\n\n\n\n<p>De l&rsquo;impact \u00e9conomique important et des strat\u00e9gies innovantes aux pratiques durables et aux efforts de collaboration qui fa\u00e7onnent l&rsquo;avenir de l&rsquo;agroalimentaire dans la r\u00e9gion, chaque \u00e9pisode de la <a href=\"https:\/\/www.youtube.com\/playlist?list=PLxu4sXGKajJJZsQRmUXtFKN_KRivTbmtY\">s\u00e9rie vid\u00e9o \u00ab\u00a0Agri&amp;Food dans le canton de Fribourg\u00a0\u00bb<\/a> fournit des informations uniques sur les raisons pour lesquelles le canton de Fribourg se transforme rapidement en un p\u00f4le majeur pour l&rsquo;innovation en mati\u00e8re d&rsquo;agroalimentaire et d&rsquo;agritech.<\/p>\n","protected":false},"excerpt":{"rendered":"<p>\u00ab Agri&#038;Food dans le canton of Fribourg \u00bb est une s\u00e9rie vid\u00e9o en 11 parties qui se penche sur le secteur agroalimentaire dynamique et en pleine \u00e9volution du canton de Fribourg.<\/p>\n","protected":false},"author":6,"featured_media":22204,"comment_status":"open","ping_status":"open","sticky":false,"template":"","format":"standard","meta":{"_acf_changed":false,"inline_featured_image":false,"mc4wp_mailchimp_campaign":[],"footnotes":""},"categories":[847],"tags":[1165,928,1145,1139,1168],"class_list":["post-22235","post","type-post","status-publish","format-standard","has-post-thumbnail","hentry","category-agroalimentaire","tag-agritech-fr-2","tag-food-beverages","tag-foodtech-fr-2","tag-sustainability-fr-2","tag-technology-park-fr-2"],"acf":[],"yoast_head":"<!-- This site is optimized with the Yoast SEO plugin v27.2 - https:\/\/yoast.com\/product\/yoast-seo-wordpress\/ -->\n<title>Capacit\u00e9s d&#039;innovation (Agri&amp;Food dans le canton de Fribourg 4\/11)<\/title>\n<meta name=\"description\" content=\"Cette s\u00e9rie vid\u00e9o en 11 parties se penche sur le secteur agroalimentaire dynamique et en pleine \u00e9volution du canton de Fribourg.\" \/>\n<meta name=\"robots\" content=\"index, follow, max-snippet:-1, max-image-preview:large, max-video-preview:-1\" \/>\n<link rel=\"canonical\" href=\"https:\/\/ggba.swiss\/en\/innovation-capabilities-agrifood-in-the-canton-of-fribourg-4-11\/\" \/>\n<meta property=\"og:locale\" content=\"fr_FR\" \/>\n<meta property=\"og:type\" content=\"article\" \/>\n<meta property=\"og:title\" content=\"Capacit\u00e9s d&#039;innovation (Agri&amp;Food dans le canton de Fribourg 4\/11)\" \/>\n<meta property=\"og:description\" content=\"Cette s\u00e9rie vid\u00e9o en 11 parties se penche sur le secteur agroalimentaire dynamique et en pleine \u00e9volution du canton de Fribourg.\" \/>\n<meta property=\"og:url\" content=\"https:\/\/ggba.swiss\/en\/innovation-capabilities-agrifood-in-the-canton-of-fribourg-4-11\/\" \/>\n<meta property=\"og:site_name\" content=\"Greater Geneva Bern area\" \/>\n<meta property=\"article:published_time\" content=\"2024-02-14T08:00:00+00:00\" \/>\n<meta property=\"og:image\" content=\"https:\/\/ggba.swiss\/app\/uploads\/2024\/01\/Fribourg-AgriFood-1180x811-04.png\" \/>\n\t<meta property=\"og:image:width\" content=\"1180\" \/>\n\t<meta property=\"og:image:height\" content=\"811\" \/>\n\t<meta property=\"og:image:type\" content=\"image\/png\" \/>\n<meta name=\"author\" content=\"Pierre-Yves Oehrli\" \/>\n<meta name=\"twitter:card\" content=\"summary_large_image\" \/>\n<meta name=\"twitter:label1\" content=\"\u00c9crit par\" \/>\n\t<meta name=\"twitter:data1\" content=\"Pierre-Yves Oehrli\" \/>\n\t<meta name=\"twitter:label2\" content=\"Dur\u00e9e de lecture estim\u00e9e\" \/>\n\t<meta name=\"twitter:data2\" content=\"1 minute\" \/>\n<script type=\"application\/ld+json\" class=\"yoast-schema-graph\">{\"@context\":\"https:\/\/schema.org\",\"@graph\":[{\"@type\":\"Article\",\"@id\":\"https:\/\/ggba.swiss\/en\/innovation-capabilities-agrifood-in-the-canton-of-fribourg-4-11\/#article\",\"isPartOf\":{\"@id\":\"https:\/\/ggba.swiss\/en\/innovation-capabilities-agrifood-in-the-canton-of-fribourg-4-11\/\"},\"author\":{\"name\":\"Pierre-Yves Oehrli\",\"@id\":\"https:\/\/staging.ggba.swiss\/en\/#\/schema\/person\/0b2e6d04131e3d01237dcb741fa33d41\"},\"headline\":\"Capacit\u00e9s d&rsquo;innovation (Agri&#038;Food dans le canton de Fribourg 4\/11)\",\"datePublished\":\"2024-02-14T08:00:00+00:00\",\"mainEntityOfPage\":{\"@id\":\"https:\/\/ggba.swiss\/en\/innovation-capabilities-agrifood-in-the-canton-of-fribourg-4-11\/\"},\"wordCount\":279,\"commentCount\":0,\"image\":{\"@id\":\"https:\/\/ggba.swiss\/en\/innovation-capabilities-agrifood-in-the-canton-of-fribourg-4-11\/#primaryimage\"},\"thumbnailUrl\":\"https:\/\/ggba.swiss\/app\/uploads\/2024\/01\/Fribourg-AgriFood-1180x811-04.png\",\"keywords\":[\"Agritech\",\"Food &amp; Beverages\",\"FoodTech\",\"Sustainability\",\"Technology Park\"],\"articleSection\":[\"Agro-alimentaire\"],\"inLanguage\":\"fr-FR\",\"potentialAction\":[{\"@type\":\"CommentAction\",\"name\":\"Comment\",\"target\":[\"https:\/\/ggba.swiss\/en\/innovation-capabilities-agrifood-in-the-canton-of-fribourg-4-11\/#respond\"]}]},{\"@type\":\"WebPage\",\"@id\":\"https:\/\/ggba.swiss\/en\/innovation-capabilities-agrifood-in-the-canton-of-fribourg-4-11\/\",\"url\":\"https:\/\/ggba.swiss\/en\/innovation-capabilities-agrifood-in-the-canton-of-fribourg-4-11\/\",\"name\":\"Capacit\u00e9s d'innovation (Agri&Food dans le canton de Fribourg 4\/11)\",\"isPartOf\":{\"@id\":\"https:\/\/staging.ggba.swiss\/en\/#website\"},\"primaryImageOfPage\":{\"@id\":\"https:\/\/ggba.swiss\/en\/innovation-capabilities-agrifood-in-the-canton-of-fribourg-4-11\/#primaryimage\"},\"image\":{\"@id\":\"https:\/\/ggba.swiss\/en\/innovation-capabilities-agrifood-in-the-canton-of-fribourg-4-11\/#primaryimage\"},\"thumbnailUrl\":\"https:\/\/ggba.swiss\/app\/uploads\/2024\/01\/Fribourg-AgriFood-1180x811-04.png\",\"datePublished\":\"2024-02-14T08:00:00+00:00\",\"author\":{\"@id\":\"https:\/\/staging.ggba.swiss\/en\/#\/schema\/person\/0b2e6d04131e3d01237dcb741fa33d41\"},\"description\":\"Cette s\u00e9rie vid\u00e9o en 11 parties se penche sur le secteur agroalimentaire dynamique et en pleine \u00e9volution du canton de Fribourg.\",\"breadcrumb\":{\"@id\":\"https:\/\/ggba.swiss\/en\/innovation-capabilities-agrifood-in-the-canton-of-fribourg-4-11\/#breadcrumb\"},\"inLanguage\":\"fr-FR\",\"potentialAction\":[{\"@type\":\"ReadAction\",\"target\":[\"https:\/\/ggba.swiss\/en\/innovation-capabilities-agrifood-in-the-canton-of-fribourg-4-11\/\"]}]},{\"@type\":\"ImageObject\",\"inLanguage\":\"fr-FR\",\"@id\":\"https:\/\/ggba.swiss\/en\/innovation-capabilities-agrifood-in-the-canton-of-fribourg-4-11\/#primaryimage\",\"url\":\"https:\/\/ggba.swiss\/app\/uploads\/2024\/01\/Fribourg-AgriFood-1180x811-04.png\",\"contentUrl\":\"https:\/\/ggba.swiss\/app\/uploads\/2024\/01\/Fribourg-AgriFood-1180x811-04.png\",\"width\":1180,\"height\":811,\"caption\":\"Pr\u00e9sent\u00e9e par Jerry Krattiger, directeur de la Promotion \u00e9conomique du canton de Fribourg, cette s\u00e9rie de vid\u00e9os offre une exploration approfondie des diverses facettes de l'industrie agroalimentaire du canton de Fribourg.\"},{\"@type\":\"BreadcrumbList\",\"@id\":\"https:\/\/ggba.swiss\/en\/innovation-capabilities-agrifood-in-the-canton-of-fribourg-4-11\/#breadcrumb\",\"itemListElement\":[{\"@type\":\"ListItem\",\"position\":1,\"name\":\"Home\",\"item\":\"https:\/\/ggba.swiss\/fr\/\"},{\"@type\":\"ListItem\",\"position\":2,\"name\":\"Capacit\u00e9s d&#8217;innovation (Agri&#038;Food dans le canton de Fribourg 4\/11)\"}]},{\"@type\":\"WebSite\",\"@id\":\"https:\/\/staging.ggba.swiss\/en\/#website\",\"url\":\"https:\/\/staging.ggba.swiss\/en\/\",\"name\":\"Greater Geneva Bern area\",\"description\":\"\",\"potentialAction\":[{\"@type\":\"SearchAction\",\"target\":{\"@type\":\"EntryPoint\",\"urlTemplate\":\"https:\/\/staging.ggba.swiss\/en\/?s={search_term_string}\"},\"query-input\":{\"@type\":\"PropertyValueSpecification\",\"valueRequired\":true,\"valueName\":\"search_term_string\"}}],\"inLanguage\":\"fr-FR\"},{\"@type\":\"Person\",\"@id\":\"https:\/\/staging.ggba.swiss\/en\/#\/schema\/person\/0b2e6d04131e3d01237dcb741fa33d41\",\"name\":\"Pierre-Yves Oehrli\",\"url\":\"https:\/\/ggba.swiss\/fr\/author\/pierre-yves-oehrli\/\"}]}<\/script>\n<!-- \/ Yoast SEO plugin. -->","yoast_head_json":{"title":"Capacit\u00e9s d'innovation (Agri&Food dans le canton de Fribourg 4\/11)","description":"Cette s\u00e9rie vid\u00e9o en 11 parties se penche sur le secteur agroalimentaire dynamique et en pleine \u00e9volution du canton de Fribourg.","robots":{"index":"index","follow":"follow","max-snippet":"max-snippet:-1","max-image-preview":"max-image-preview:large","max-video-preview":"max-video-preview:-1"},"canonical":"https:\/\/ggba.swiss\/en\/innovation-capabilities-agrifood-in-the-canton-of-fribourg-4-11\/","og_locale":"fr_FR","og_type":"article","og_title":"Capacit\u00e9s d'innovation (Agri&Food dans le canton de Fribourg 4\/11)","og_description":"Cette s\u00e9rie vid\u00e9o en 11 parties se penche sur le secteur agroalimentaire dynamique et en pleine \u00e9volution du canton de Fribourg.","og_url":"https:\/\/ggba.swiss\/en\/innovation-capabilities-agrifood-in-the-canton-of-fribourg-4-11\/","og_site_name":"Greater Geneva Bern area","article_published_time":"2024-02-14T08:00:00+00:00","og_image":[{"width":1180,"height":811,"url":"https:\/\/ggba.swiss\/app\/uploads\/2024\/01\/Fribourg-AgriFood-1180x811-04.png","type":"image\/png"}],"author":"Pierre-Yves Oehrli","twitter_card":"summary_large_image","twitter_misc":{"\u00c9crit par":"Pierre-Yves Oehrli","Dur\u00e9e de lecture estim\u00e9e":"1 minute"},"schema":{"@context":"https:\/\/schema.org","@graph":[{"@type":"Article","@id":"https:\/\/ggba.swiss\/en\/innovation-capabilities-agrifood-in-the-canton-of-fribourg-4-11\/#article","isPartOf":{"@id":"https:\/\/ggba.swiss\/en\/innovation-capabilities-agrifood-in-the-canton-of-fribourg-4-11\/"},"author":{"name":"Pierre-Yves Oehrli","@id":"https:\/\/staging.ggba.swiss\/en\/#\/schema\/person\/0b2e6d04131e3d01237dcb741fa33d41"},"headline":"Capacit\u00e9s d&rsquo;innovation (Agri&#038;Food dans le canton de Fribourg 4\/11)","datePublished":"2024-02-14T08:00:00+00:00","mainEntityOfPage":{"@id":"https:\/\/ggba.swiss\/en\/innovation-capabilities-agrifood-in-the-canton-of-fribourg-4-11\/"},"wordCount":279,"commentCount":0,"image":{"@id":"https:\/\/ggba.swiss\/en\/innovation-capabilities-agrifood-in-the-canton-of-fribourg-4-11\/#primaryimage"},"thumbnailUrl":"https:\/\/ggba.swiss\/app\/uploads\/2024\/01\/Fribourg-AgriFood-1180x811-04.png","keywords":["Agritech","Food &amp; Beverages","FoodTech","Sustainability","Technology Park"],"articleSection":["Agro-alimentaire"],"inLanguage":"fr-FR","potentialAction":[{"@type":"CommentAction","name":"Comment","target":["https:\/\/ggba.swiss\/en\/innovation-capabilities-agrifood-in-the-canton-of-fribourg-4-11\/#respond"]}]},{"@type":"WebPage","@id":"https:\/\/ggba.swiss\/en\/innovation-capabilities-agrifood-in-the-canton-of-fribourg-4-11\/","url":"https:\/\/ggba.swiss\/en\/innovation-capabilities-agrifood-in-the-canton-of-fribourg-4-11\/","name":"Capacit\u00e9s d'innovation (Agri&Food dans le canton de Fribourg 4\/11)","isPartOf":{"@id":"https:\/\/staging.ggba.swiss\/en\/#website"},"primaryImageOfPage":{"@id":"https:\/\/ggba.swiss\/en\/innovation-capabilities-agrifood-in-the-canton-of-fribourg-4-11\/#primaryimage"},"image":{"@id":"https:\/\/ggba.swiss\/en\/innovation-capabilities-agrifood-in-the-canton-of-fribourg-4-11\/#primaryimage"},"thumbnailUrl":"https:\/\/ggba.swiss\/app\/uploads\/2024\/01\/Fribourg-AgriFood-1180x811-04.png","datePublished":"2024-02-14T08:00:00+00:00","author":{"@id":"https:\/\/staging.ggba.swiss\/en\/#\/schema\/person\/0b2e6d04131e3d01237dcb741fa33d41"},"description":"Cette s\u00e9rie vid\u00e9o en 11 parties se penche sur le secteur agroalimentaire dynamique et en pleine \u00e9volution du canton de Fribourg.","breadcrumb":{"@id":"https:\/\/ggba.swiss\/en\/innovation-capabilities-agrifood-in-the-canton-of-fribourg-4-11\/#breadcrumb"},"inLanguage":"fr-FR","potentialAction":[{"@type":"ReadAction","target":["https:\/\/ggba.swiss\/en\/innovation-capabilities-agrifood-in-the-canton-of-fribourg-4-11\/"]}]},{"@type":"ImageObject","inLanguage":"fr-FR","@id":"https:\/\/ggba.swiss\/en\/innovation-capabilities-agrifood-in-the-canton-of-fribourg-4-11\/#primaryimage","url":"https:\/\/ggba.swiss\/app\/uploads\/2024\/01\/Fribourg-AgriFood-1180x811-04.png","contentUrl":"https:\/\/ggba.swiss\/app\/uploads\/2024\/01\/Fribourg-AgriFood-1180x811-04.png","width":1180,"height":811,"caption":"Pr\u00e9sent\u00e9e par Jerry Krattiger, directeur de la Promotion \u00e9conomique du canton de Fribourg, cette s\u00e9rie de vid\u00e9os offre une exploration approfondie des diverses facettes de l'industrie agroalimentaire du canton de Fribourg."},{"@type":"BreadcrumbList","@id":"https:\/\/ggba.swiss\/en\/innovation-capabilities-agrifood-in-the-canton-of-fribourg-4-11\/#breadcrumb","itemListElement":[{"@type":"ListItem","position":1,"name":"Home","item":"https:\/\/ggba.swiss\/fr\/"},{"@type":"ListItem","position":2,"name":"Capacit\u00e9s d&#8217;innovation (Agri&#038;Food dans le canton de Fribourg 4\/11)"}]},{"@type":"WebSite","@id":"https:\/\/staging.ggba.swiss\/en\/#website","url":"https:\/\/staging.ggba.swiss\/en\/","name":"Greater Geneva Bern area","description":"","potentialAction":[{"@type":"SearchAction","target":{"@type":"EntryPoint","urlTemplate":"https:\/\/staging.ggba.swiss\/en\/?s={search_term_string}"},"query-input":{"@type":"PropertyValueSpecification","valueRequired":true,"valueName":"search_term_string"}}],"inLanguage":"fr-FR"},{"@type":"Person","@id":"https:\/\/staging.ggba.swiss\/en\/#\/schema\/person\/0b2e6d04131e3d01237dcb741fa33d41","name":"Pierre-Yves Oehrli","url":"https:\/\/ggba.swiss\/fr\/author\/pierre-yves-oehrli\/"}]}},"_links":{"self":[{"href":"https:\/\/ggba.swiss\/fr\/wp-json\/wp\/v2\/posts\/22235","targetHints":{"allow":["GET"]}}],"collection":[{"href":"https:\/\/ggba.swiss\/fr\/wp-json\/wp\/v2\/posts"}],"about":[{"href":"https:\/\/ggba.swiss\/fr\/wp-json\/wp\/v2\/types\/post"}],"author":[{"embeddable":true,"href":"https:\/\/ggba.swiss\/fr\/wp-json\/wp\/v2\/users\/6"}],"replies":[{"embeddable":true,"href":"https:\/\/ggba.swiss\/fr\/wp-json\/wp\/v2\/comments?post=22235"}],"version-history":[{"count":1,"href":"https:\/\/ggba.swiss\/fr\/wp-json\/wp\/v2\/posts\/22235\/revisions"}],"predecessor-version":[{"id":22237,"href":"https:\/\/ggba.swiss\/fr\/wp-json\/wp\/v2\/posts\/22235\/revisions\/22237"}],"wp:featuredmedia":[{"embeddable":true,"href":"https:\/\/ggba.swiss\/fr\/wp-json\/wp\/v2\/media\/22204"}],"wp:attachment":[{"href":"https:\/\/ggba.swiss\/fr\/wp-json\/wp\/v2\/media?parent=22235"}],"wp:term":[{"taxonomy":"category","embeddable":true,"href":"https:\/\/ggba.swiss\/fr\/wp-json\/wp\/v2\/categories?post=22235"},{"taxonomy":"post_tag","embeddable":true,"href":"https:\/\/ggba.swiss\/fr\/wp-json\/wp\/v2\/tags?post=22235"}],"curies":[{"name":"wp","href":"https:\/\/api.w.org\/{rel}","templated":true}]}}