{"id":23364,"date":"2024-03-25T09:59:12","date_gmt":"2024-03-25T08:59:12","guid":{"rendered":"https:\/\/ggba.swiss\/a-virtual-power-plant-developed-by-studer-innotec-and-oiken-in-the-canton-of-valais\/"},"modified":"2024-03-25T11:43:28","modified_gmt":"2024-03-25T10:43:28","slug":"une-centrale-electrique-virtuelle-valaisanne-developpee-par-studer-innotec-et-oiken","status":"publish","type":"post","link":"https:\/\/ggba.swiss\/fr\/une-centrale-electrique-virtuelle-valaisanne-developpee-par-studer-innotec-et-oiken\/","title":{"rendered":"Une centrale \u00e9lectrique virtuelle valaisanne d\u00e9velopp\u00e9e par Studer-Innotec et OIKEN"},"content":{"rendered":"\n<p>Les statistiques suisses sur l&rsquo;\u00e9nergie solaire pour 2022 r\u00e9v\u00e8lent un bond significatif des installations photovolta\u00efques, avec plus de 1 GW install\u00e9, contribuant \u00e0 une capacit\u00e9 totale de 4,7 GW. Cette capacit\u00e9 a produit 3,8 TWh, soit 6,7 % de la consommation suisse d&rsquo;\u00e9lectricit\u00e9, ce qui souligne l&rsquo;importance croissante de l&rsquo;\u00e9nergie solaire dans le mix \u00e9nerg\u00e9tique du pays. Cependant, la nature inflexible de la production solaire n\u00e9cessite le d\u00e9veloppement de syst\u00e8mes intelligents pour optimiser l&rsquo;utilisation de ces installations.<\/p>\n\n\n\n<p>L&rsquo;introduction de compteurs intelligents et les changements l\u00e9gislatifs en Suisse devraient ouvrir la voie \u00e0 de nouveaux mod\u00e8les de tarification dynamique, s&rsquo;alignant sur les d\u00e9veloppements dans d&rsquo;autres pays europ\u00e9ens. <a href=\"https:\/\/oiken.ch\/\">OIKEN<\/a> et <a href=\"https:\/\/studer-innotec.com\/fr\/\">Studer Innotec<\/a> sont \u00e0 l&rsquo;avant-garde de cette transition, visant \u00e0 faire \u00e9voluer la technologie et les services tout en pr\u00e9servant les int\u00e9r\u00eats des consommateurs.<\/p>\n\n\n\n<p>La collaboration entre OIKEN et Studer Innotec vise \u00e0 exploiter et \u00e0 optimiser la flexibilit\u00e9 des installations photovolta\u00efques et des batteries de stockage, marquant ainsi une \u00e9tape importante vers une gestion plus efficace des ressources \u00e9nerg\u00e9tiques intermittentes et impr\u00e9visibles. Le projet, qui b\u00e9n\u00e9ficie du soutien financier de la <a href=\"https:\/\/www.theark.ch\/fr\/\">Fondation The Ark<\/a>, est d\u00e9velopp\u00e9 en collaboration avec <a href=\"https:\/\/www.icare.ch\/\">l&rsquo;Institut de recherche Icare<\/a> \u00e0 Sierre, et les phases de test devraient d\u00e9buter en 2024.<\/p>\n\n\n\n<h4 class=\"wp-block-heading\">Faire avancer la transition \u00e9nerg\u00e9tique en Valais<\/h4>\n\n\n\n<p>Le projet explorera le potentiel technique et \u00e9conomique \u00e0 trois niveaux d&rsquo;utilisation : maison individuelle, quartier et r\u00e9gion ou gestionnaire de r\u00e9seau de distribution (GRD). Il vise \u00e0 am\u00e9liorer l&rsquo;autoconsommation, \u00e0 optimiser la r\u00e9injection de l&rsquo;\u00e9lectricit\u00e9 dans le r\u00e9seau et \u00e0 renforcer l&rsquo;agr\u00e9gation de la flexibilit\u00e9 locale par le biais d&rsquo;une solution VPP. Cette approche \u00e0 multiples facettes promet d&rsquo;introduire la tarification dynamique, l&rsquo;optimisation de la consommation et la gestion des groupes d&rsquo;\u00e9quilibre, avec la possibilit\u00e9 d&rsquo;ajouter d&rsquo;autres options \u00e0 valeur ajout\u00e9e dans le futur.<\/p>\n\n\n\n<p>Gr\u00e2ce \u00e0 l&rsquo;expertise technique de l&rsquo;Institut de recherche Icare, le projet est actuellement en cours de d\u00e9veloppement et vise \u00e0 lancer la phase de test aupr\u00e8s de clients s\u00e9lectionn\u00e9s afin d&rsquo;en \u00e9valuer la viabilit\u00e9. Les premiers r\u00e9sultats sont attendus entre fin 2024 et d\u00e9but 2025, la Fondation The Ark soutenant l&rsquo;\u00e9tude de faisabilit\u00e9.<\/p>\n","protected":false},"excerpt":{"rendered":"<p>OIKEN et Studer Innotec se sont associ\u00e9s pour d\u00e9velopper une centrale \u00e9lectrique virtuelle (VPP), refl\u00e9tant la volont\u00e9 du canton du Valais d&rsquo;innover en mati\u00e8re de solutions \u00e9nerg\u00e9tiques.<\/p>\n","protected":false},"author":6,"featured_media":23361,"comment_status":"open","ping_status":"open","sticky":false,"template":"","format":"standard","meta":{"_acf_changed":false,"inline_featured_image":false,"mc4wp_mailchimp_campaign":[],"footnotes":""},"categories":[844],"tags":[1137,1138,1139],"class_list":["post-23364","post","type-post","status-publish","format-standard","has-post-thumbnail","hentry","category-cleantech","tag-energy-fr-2","tag-solar-energy-fr-2","tag-sustainability-fr-2"],"acf":[],"yoast_head":"<!-- This site is optimized with the Yoast SEO plugin v27.2 - https:\/\/yoast.com\/product\/yoast-seo-wordpress\/ -->\n<title>Une centrale \u00e9lectrique virtuelle d\u00e9velopp\u00e9e en Valais | GGBa<\/title>\n<meta name=\"description\" content=\"OIKEN et Studer Innotec se sont associ\u00e9s pour d\u00e9velopper une centrale \u00e9lectrique virtuelle (VPP) dans le canton du Valais.\" \/>\n<meta name=\"robots\" content=\"index, follow, max-snippet:-1, max-image-preview:large, max-video-preview:-1\" \/>\n<link rel=\"canonical\" href=\"https:\/\/ggba.swiss\/fr\/une-centrale-electrique-virtuelle-valaisanne-developpee-par-studer-innotec-et-oiken\/\" \/>\n<meta property=\"og:locale\" content=\"fr_FR\" \/>\n<meta property=\"og:type\" content=\"article\" \/>\n<meta property=\"og:title\" content=\"Une centrale \u00e9lectrique virtuelle d\u00e9velopp\u00e9e en Valais | GGBa\" \/>\n<meta property=\"og:description\" content=\"OIKEN et Studer Innotec se sont associ\u00e9s pour d\u00e9velopper une centrale \u00e9lectrique virtuelle (VPP) dans le canton du Valais.\" \/>\n<meta property=\"og:url\" content=\"https:\/\/ggba.swiss\/fr\/une-centrale-electrique-virtuelle-valaisanne-developpee-par-studer-innotec-et-oiken\/\" \/>\n<meta property=\"og:site_name\" content=\"Greater Geneva Bern area\" \/>\n<meta property=\"article:published_time\" content=\"2024-03-25T08:59:12+00:00\" \/>\n<meta property=\"article:modified_time\" content=\"2024-03-25T10:43:28+00:00\" \/>\n<meta property=\"og:image\" content=\"https:\/\/ggba.swiss\/app\/uploads\/2024\/03\/OIKEN-VPP-1180x811-1.jpeg\" \/>\n\t<meta property=\"og:image:width\" content=\"1180\" \/>\n\t<meta property=\"og:image:height\" content=\"811\" \/>\n\t<meta property=\"og:image:type\" content=\"image\/jpeg\" \/>\n<meta name=\"author\" content=\"Pierre-Yves Oehrli\" \/>\n<meta name=\"twitter:card\" content=\"summary_large_image\" \/>\n<meta name=\"twitter:label1\" content=\"\u00c9crit par\" \/>\n\t<meta name=\"twitter:data1\" content=\"Pierre-Yves Oehrli\" \/>\n\t<meta name=\"twitter:label2\" content=\"Dur\u00e9e de lecture estim\u00e9e\" \/>\n\t<meta name=\"twitter:data2\" content=\"2 minutes\" \/>\n<script type=\"application\/ld+json\" class=\"yoast-schema-graph\">{\"@context\":\"https:\/\/schema.org\",\"@graph\":[{\"@type\":\"Article\",\"@id\":\"https:\/\/ggba.swiss\/fr\/une-centrale-electrique-virtuelle-valaisanne-developpee-par-studer-innotec-et-oiken\/#article\",\"isPartOf\":{\"@id\":\"https:\/\/ggba.swiss\/fr\/une-centrale-electrique-virtuelle-valaisanne-developpee-par-studer-innotec-et-oiken\/\"},\"author\":{\"name\":\"Pierre-Yves Oehrli\",\"@id\":\"https:\/\/staging.ggba.swiss\/en\/#\/schema\/person\/0b2e6d04131e3d01237dcb741fa33d41\"},\"headline\":\"Une centrale \u00e9lectrique virtuelle valaisanne d\u00e9velopp\u00e9e par Studer-Innotec et OIKEN\",\"datePublished\":\"2024-03-25T08:59:12+00:00\",\"dateModified\":\"2024-03-25T10:43:28+00:00\",\"mainEntityOfPage\":{\"@id\":\"https:\/\/ggba.swiss\/fr\/une-centrale-electrique-virtuelle-valaisanne-developpee-par-studer-innotec-et-oiken\/\"},\"wordCount\":395,\"commentCount\":0,\"image\":{\"@id\":\"https:\/\/ggba.swiss\/fr\/une-centrale-electrique-virtuelle-valaisanne-developpee-par-studer-innotec-et-oiken\/#primaryimage\"},\"thumbnailUrl\":\"https:\/\/ggba.swiss\/app\/uploads\/2024\/03\/OIKEN-VPP-1180x811-1.jpeg\",\"keywords\":[\"Energy\",\"Solar Energy\",\"Sustainability\"],\"articleSection\":[\"Cleantech\"],\"inLanguage\":\"fr-FR\",\"potentialAction\":[{\"@type\":\"CommentAction\",\"name\":\"Comment\",\"target\":[\"https:\/\/ggba.swiss\/fr\/une-centrale-electrique-virtuelle-valaisanne-developpee-par-studer-innotec-et-oiken\/#respond\"]}]},{\"@type\":\"WebPage\",\"@id\":\"https:\/\/ggba.swiss\/fr\/une-centrale-electrique-virtuelle-valaisanne-developpee-par-studer-innotec-et-oiken\/\",\"url\":\"https:\/\/ggba.swiss\/fr\/une-centrale-electrique-virtuelle-valaisanne-developpee-par-studer-innotec-et-oiken\/\",\"name\":\"Une centrale \u00e9lectrique virtuelle d\u00e9velopp\u00e9e en Valais | GGBa\",\"isPartOf\":{\"@id\":\"https:\/\/staging.ggba.swiss\/en\/#website\"},\"primaryImageOfPage\":{\"@id\":\"https:\/\/ggba.swiss\/fr\/une-centrale-electrique-virtuelle-valaisanne-developpee-par-studer-innotec-et-oiken\/#primaryimage\"},\"image\":{\"@id\":\"https:\/\/ggba.swiss\/fr\/une-centrale-electrique-virtuelle-valaisanne-developpee-par-studer-innotec-et-oiken\/#primaryimage\"},\"thumbnailUrl\":\"https:\/\/ggba.swiss\/app\/uploads\/2024\/03\/OIKEN-VPP-1180x811-1.jpeg\",\"datePublished\":\"2024-03-25T08:59:12+00:00\",\"dateModified\":\"2024-03-25T10:43:28+00:00\",\"author\":{\"@id\":\"https:\/\/staging.ggba.swiss\/en\/#\/schema\/person\/0b2e6d04131e3d01237dcb741fa33d41\"},\"description\":\"OIKEN et Studer Innotec se sont associ\u00e9s pour d\u00e9velopper une centrale \u00e9lectrique virtuelle (VPP) dans le canton du Valais.\",\"breadcrumb\":{\"@id\":\"https:\/\/ggba.swiss\/fr\/une-centrale-electrique-virtuelle-valaisanne-developpee-par-studer-innotec-et-oiken\/#breadcrumb\"},\"inLanguage\":\"fr-FR\",\"potentialAction\":[{\"@type\":\"ReadAction\",\"target\":[\"https:\/\/ggba.swiss\/fr\/une-centrale-electrique-virtuelle-valaisanne-developpee-par-studer-innotec-et-oiken\/\"]}]},{\"@type\":\"ImageObject\",\"inLanguage\":\"fr-FR\",\"@id\":\"https:\/\/ggba.swiss\/fr\/une-centrale-electrique-virtuelle-valaisanne-developpee-par-studer-innotec-et-oiken\/#primaryimage\",\"url\":\"https:\/\/ggba.swiss\/app\/uploads\/2024\/03\/OIKEN-VPP-1180x811-1.jpeg\",\"contentUrl\":\"https:\/\/ggba.swiss\/app\/uploads\/2024\/03\/OIKEN-VPP-1180x811-1.jpeg\",\"width\":1180,\"height\":811,\"caption\":\"Le projet VPP vise \u00e0 regrouper de petits producteurs d'\u00e9nergie afin qu'ils puissent collectivement \u00e9galer l'impact d'une centrale \u00e9lectrique plus importante, r\u00e9pondant ainsi aux d\u00e9fis pos\u00e9s par l'expansion rapide des sources d'\u00e9nergie d\u00e9centralis\u00e9es et impr\u00e9visibles, principalement l'\u00e9nergie solaire. | \u00a9 OIKEN\"},{\"@type\":\"BreadcrumbList\",\"@id\":\"https:\/\/ggba.swiss\/fr\/une-centrale-electrique-virtuelle-valaisanne-developpee-par-studer-innotec-et-oiken\/#breadcrumb\",\"itemListElement\":[{\"@type\":\"ListItem\",\"position\":1,\"name\":\"Home\",\"item\":\"https:\/\/ggba.swiss\/fr\/\"},{\"@type\":\"ListItem\",\"position\":2,\"name\":\"Une centrale \u00e9lectrique virtuelle valaisanne d\u00e9velopp\u00e9e par Studer-Innotec et OIKEN\"}]},{\"@type\":\"WebSite\",\"@id\":\"https:\/\/staging.ggba.swiss\/en\/#website\",\"url\":\"https:\/\/staging.ggba.swiss\/en\/\",\"name\":\"Greater Geneva Bern area\",\"description\":\"\",\"potentialAction\":[{\"@type\":\"SearchAction\",\"target\":{\"@type\":\"EntryPoint\",\"urlTemplate\":\"https:\/\/staging.ggba.swiss\/en\/?s={search_term_string}\"},\"query-input\":{\"@type\":\"PropertyValueSpecification\",\"valueRequired\":true,\"valueName\":\"search_term_string\"}}],\"inLanguage\":\"fr-FR\"},{\"@type\":\"Person\",\"@id\":\"https:\/\/staging.ggba.swiss\/en\/#\/schema\/person\/0b2e6d04131e3d01237dcb741fa33d41\",\"name\":\"Pierre-Yves Oehrli\",\"url\":\"https:\/\/ggba.swiss\/fr\/author\/pierre-yves-oehrli\/\"}]}<\/script>\n<!-- \/ Yoast SEO plugin. -->","yoast_head_json":{"title":"Une centrale \u00e9lectrique virtuelle d\u00e9velopp\u00e9e en Valais | GGBa","description":"OIKEN et Studer Innotec se sont associ\u00e9s pour d\u00e9velopper une centrale \u00e9lectrique virtuelle (VPP) dans le canton du Valais.","robots":{"index":"index","follow":"follow","max-snippet":"max-snippet:-1","max-image-preview":"max-image-preview:large","max-video-preview":"max-video-preview:-1"},"canonical":"https:\/\/ggba.swiss\/fr\/une-centrale-electrique-virtuelle-valaisanne-developpee-par-studer-innotec-et-oiken\/","og_locale":"fr_FR","og_type":"article","og_title":"Une centrale \u00e9lectrique virtuelle d\u00e9velopp\u00e9e en Valais | GGBa","og_description":"OIKEN et Studer Innotec se sont associ\u00e9s pour d\u00e9velopper une centrale \u00e9lectrique virtuelle (VPP) dans le canton du Valais.","og_url":"https:\/\/ggba.swiss\/fr\/une-centrale-electrique-virtuelle-valaisanne-developpee-par-studer-innotec-et-oiken\/","og_site_name":"Greater Geneva Bern area","article_published_time":"2024-03-25T08:59:12+00:00","article_modified_time":"2024-03-25T10:43:28+00:00","og_image":[{"width":1180,"height":811,"url":"https:\/\/ggba.swiss\/app\/uploads\/2024\/03\/OIKEN-VPP-1180x811-1.jpeg","type":"image\/jpeg"}],"author":"Pierre-Yves Oehrli","twitter_card":"summary_large_image","twitter_misc":{"\u00c9crit par":"Pierre-Yves Oehrli","Dur\u00e9e de lecture estim\u00e9e":"2 minutes"},"schema":{"@context":"https:\/\/schema.org","@graph":[{"@type":"Article","@id":"https:\/\/ggba.swiss\/fr\/une-centrale-electrique-virtuelle-valaisanne-developpee-par-studer-innotec-et-oiken\/#article","isPartOf":{"@id":"https:\/\/ggba.swiss\/fr\/une-centrale-electrique-virtuelle-valaisanne-developpee-par-studer-innotec-et-oiken\/"},"author":{"name":"Pierre-Yves Oehrli","@id":"https:\/\/staging.ggba.swiss\/en\/#\/schema\/person\/0b2e6d04131e3d01237dcb741fa33d41"},"headline":"Une centrale \u00e9lectrique virtuelle valaisanne d\u00e9velopp\u00e9e par Studer-Innotec et OIKEN","datePublished":"2024-03-25T08:59:12+00:00","dateModified":"2024-03-25T10:43:28+00:00","mainEntityOfPage":{"@id":"https:\/\/ggba.swiss\/fr\/une-centrale-electrique-virtuelle-valaisanne-developpee-par-studer-innotec-et-oiken\/"},"wordCount":395,"commentCount":0,"image":{"@id":"https:\/\/ggba.swiss\/fr\/une-centrale-electrique-virtuelle-valaisanne-developpee-par-studer-innotec-et-oiken\/#primaryimage"},"thumbnailUrl":"https:\/\/ggba.swiss\/app\/uploads\/2024\/03\/OIKEN-VPP-1180x811-1.jpeg","keywords":["Energy","Solar Energy","Sustainability"],"articleSection":["Cleantech"],"inLanguage":"fr-FR","potentialAction":[{"@type":"CommentAction","name":"Comment","target":["https:\/\/ggba.swiss\/fr\/une-centrale-electrique-virtuelle-valaisanne-developpee-par-studer-innotec-et-oiken\/#respond"]}]},{"@type":"WebPage","@id":"https:\/\/ggba.swiss\/fr\/une-centrale-electrique-virtuelle-valaisanne-developpee-par-studer-innotec-et-oiken\/","url":"https:\/\/ggba.swiss\/fr\/une-centrale-electrique-virtuelle-valaisanne-developpee-par-studer-innotec-et-oiken\/","name":"Une centrale \u00e9lectrique virtuelle d\u00e9velopp\u00e9e en Valais | GGBa","isPartOf":{"@id":"https:\/\/staging.ggba.swiss\/en\/#website"},"primaryImageOfPage":{"@id":"https:\/\/ggba.swiss\/fr\/une-centrale-electrique-virtuelle-valaisanne-developpee-par-studer-innotec-et-oiken\/#primaryimage"},"image":{"@id":"https:\/\/ggba.swiss\/fr\/une-centrale-electrique-virtuelle-valaisanne-developpee-par-studer-innotec-et-oiken\/#primaryimage"},"thumbnailUrl":"https:\/\/ggba.swiss\/app\/uploads\/2024\/03\/OIKEN-VPP-1180x811-1.jpeg","datePublished":"2024-03-25T08:59:12+00:00","dateModified":"2024-03-25T10:43:28+00:00","author":{"@id":"https:\/\/staging.ggba.swiss\/en\/#\/schema\/person\/0b2e6d04131e3d01237dcb741fa33d41"},"description":"OIKEN et Studer Innotec se sont associ\u00e9s pour d\u00e9velopper une centrale \u00e9lectrique virtuelle (VPP) dans le canton du Valais.","breadcrumb":{"@id":"https:\/\/ggba.swiss\/fr\/une-centrale-electrique-virtuelle-valaisanne-developpee-par-studer-innotec-et-oiken\/#breadcrumb"},"inLanguage":"fr-FR","potentialAction":[{"@type":"ReadAction","target":["https:\/\/ggba.swiss\/fr\/une-centrale-electrique-virtuelle-valaisanne-developpee-par-studer-innotec-et-oiken\/"]}]},{"@type":"ImageObject","inLanguage":"fr-FR","@id":"https:\/\/ggba.swiss\/fr\/une-centrale-electrique-virtuelle-valaisanne-developpee-par-studer-innotec-et-oiken\/#primaryimage","url":"https:\/\/ggba.swiss\/app\/uploads\/2024\/03\/OIKEN-VPP-1180x811-1.jpeg","contentUrl":"https:\/\/ggba.swiss\/app\/uploads\/2024\/03\/OIKEN-VPP-1180x811-1.jpeg","width":1180,"height":811,"caption":"Le projet VPP vise \u00e0 regrouper de petits producteurs d'\u00e9nergie afin qu'ils puissent collectivement \u00e9galer l'impact d'une centrale \u00e9lectrique plus importante, r\u00e9pondant ainsi aux d\u00e9fis pos\u00e9s par l'expansion rapide des sources d'\u00e9nergie d\u00e9centralis\u00e9es et impr\u00e9visibles, principalement l'\u00e9nergie solaire. | \u00a9 OIKEN"},{"@type":"BreadcrumbList","@id":"https:\/\/ggba.swiss\/fr\/une-centrale-electrique-virtuelle-valaisanne-developpee-par-studer-innotec-et-oiken\/#breadcrumb","itemListElement":[{"@type":"ListItem","position":1,"name":"Home","item":"https:\/\/ggba.swiss\/fr\/"},{"@type":"ListItem","position":2,"name":"Une centrale \u00e9lectrique virtuelle valaisanne d\u00e9velopp\u00e9e par Studer-Innotec et OIKEN"}]},{"@type":"WebSite","@id":"https:\/\/staging.ggba.swiss\/en\/#website","url":"https:\/\/staging.ggba.swiss\/en\/","name":"Greater Geneva Bern area","description":"","potentialAction":[{"@type":"SearchAction","target":{"@type":"EntryPoint","urlTemplate":"https:\/\/staging.ggba.swiss\/en\/?s={search_term_string}"},"query-input":{"@type":"PropertyValueSpecification","valueRequired":true,"valueName":"search_term_string"}}],"inLanguage":"fr-FR"},{"@type":"Person","@id":"https:\/\/staging.ggba.swiss\/en\/#\/schema\/person\/0b2e6d04131e3d01237dcb741fa33d41","name":"Pierre-Yves Oehrli","url":"https:\/\/ggba.swiss\/fr\/author\/pierre-yves-oehrli\/"}]}},"_links":{"self":[{"href":"https:\/\/ggba.swiss\/fr\/wp-json\/wp\/v2\/posts\/23364","targetHints":{"allow":["GET"]}}],"collection":[{"href":"https:\/\/ggba.swiss\/fr\/wp-json\/wp\/v2\/posts"}],"about":[{"href":"https:\/\/ggba.swiss\/fr\/wp-json\/wp\/v2\/types\/post"}],"author":[{"embeddable":true,"href":"https:\/\/ggba.swiss\/fr\/wp-json\/wp\/v2\/users\/6"}],"replies":[{"embeddable":true,"href":"https:\/\/ggba.swiss\/fr\/wp-json\/wp\/v2\/comments?post=23364"}],"version-history":[{"count":2,"href":"https:\/\/ggba.swiss\/fr\/wp-json\/wp\/v2\/posts\/23364\/revisions"}],"predecessor-version":[{"id":23368,"href":"https:\/\/ggba.swiss\/fr\/wp-json\/wp\/v2\/posts\/23364\/revisions\/23368"}],"wp:featuredmedia":[{"embeddable":true,"href":"https:\/\/ggba.swiss\/fr\/wp-json\/wp\/v2\/media\/23361"}],"wp:attachment":[{"href":"https:\/\/ggba.swiss\/fr\/wp-json\/wp\/v2\/media?parent=23364"}],"wp:term":[{"taxonomy":"category","embeddable":true,"href":"https:\/\/ggba.swiss\/fr\/wp-json\/wp\/v2\/categories?post=23364"},{"taxonomy":"post_tag","embeddable":true,"href":"https:\/\/ggba.swiss\/fr\/wp-json\/wp\/v2\/tags?post=23364"}],"curies":[{"name":"wp","href":"https:\/\/api.w.org\/{rel}","templated":true}]}}