{"id":30594,"date":"2025-01-29T09:09:48","date_gmt":"2025-01-29T08:09:48","guid":{"rendered":"https:\/\/ggba.swiss\/neuchatels-human-lean-diagnostics-cluster-is-set-to-welcome-its-first-tenants\/"},"modified":"2025-01-29T09:14:18","modified_gmt":"2025-01-29T08:14:18","slug":"le-cluster-human-lean-diagnostics-de-neuchatel-sapprete-a-accueillir-ses-premiers-locataires","status":"publish","type":"post","link":"https:\/\/ggba.swiss\/fr\/le-cluster-human-lean-diagnostics-de-neuchatel-sapprete-a-accueillir-ses-premiers-locataires\/","title":{"rendered":"Le cluster Human Lean Diagnostics de Neuch\u00e2tel s\u2019appr\u00eate \u00e0 accueillir ses premiers locataires"},"content":{"rendered":"\n<p>Situ\u00e9 dans la vall\u00e9e historique de Serri\u00e8res, un site connu pour son patrimoine industriel, <a href=\"https:\/\/hld-ne.ch\/\">HLD<\/a> est con\u00e7u pour \u00eatre un centre d&rsquo;excellence internationalement reconnu pour les technologies de diagnostic. Positionn\u00e9 au c\u0153ur de la Health Valley de Suisse occidentale, le cluster vise \u00e0 faciliter la transition vers la \u00ab m\u00e9decine 4P \u00bb &#8211; personnalis\u00e9e, pr\u00e9ventive, pr\u00e9dictive et participative &#8211; en regroupant des entreprises, des institutions de recherche et des start-ups au sein d&rsquo;un seul et m\u00eame \u00e9cosyst\u00e8me ax\u00e9 sur l&rsquo;innovation. Le projet refl\u00e8te l&rsquo;ambition de Neuch\u00e2tel de jouer un r\u00f4le de premier plan dans le secteur mondial du diagnostic m\u00e9dical.<\/p>\n\n\n\n<p>Le cluster se concentre sur des domaines cl\u00e9s qui fa\u00e7onnent l&rsquo;avenir du diagnostic m\u00e9dical. L&rsquo;un de ces domaines est celui des dispositifs m\u00e9dicaux de pointe, qui permettent d&rsquo;effectuer des tests pr\u00e9cis en temps r\u00e9el, directement sur le lieu o\u00f9 se trouve le patient, r\u00e9duisant ainsi le besoin d&rsquo;analyses en laboratoire et am\u00e9liorant la prise de d\u00e9cision m\u00e9dicale. Les diagnostics in vitro constituent un autre axe majeur : des techniques d&rsquo;analyse biologique avanc\u00e9es permettent la d\u00e9tection pr\u00e9coce de maladies \u00e0 partir d&rsquo;\u00e9chantillons de sang, d&rsquo;urine ou de tissus. Les solutions de sant\u00e9 num\u00e9rique jouent \u00e9galement un r\u00f4le crucial, int\u00e9grant l&rsquo;intelligence artificielle, la t\u00e9l\u00e9m\u00e9decine et les dispositifs de sant\u00e9 connect\u00e9s pour am\u00e9liorer les soins aux patients et optimiser les plans de traitement. Enfin, l&rsquo;automatisation des diagnostics est un domaine de d\u00e9veloppement essentiel, les syst\u00e8mes automatis\u00e9s r\u00e9duisant les temps de traitement, am\u00e9liorant la pr\u00e9cision et minimisant l&rsquo;erreur humaine.<\/p>\n\n\n\n<h4 class=\"wp-block-heading\">Un environnement flexible et \u00e9volutif pour l&rsquo;innovation<\/h4>\n\n\n\n<p>Les installations de 7&rsquo;200 m\u00e8tres carr\u00e9s du HLD ont \u00e9t\u00e9 con\u00e7ues dans un souci de flexibilit\u00e9. R\u00e9parti sur cinq niveaux, le b\u00e2timent offre des laboratoires enti\u00e8rement modulaires, des espaces de bureaux lumineux et adaptables, ainsi que des zones de collaboration qui encouragent l&rsquo;\u00e9change de connaissances. Le cluster propose des solutions pr\u00eates \u00e0 l&#8217;emploi, permettant aux entreprises de se concentrer sur leur recherche et leur d\u00e9veloppement sans avoir \u00e0 se pr\u00e9occuper de la gestion de l&rsquo;infrastructure. Gr\u00e2ce \u00e0 un syst\u00e8me technique centralis\u00e9, les laboratoires peuvent \u00eatre facilement reconfigur\u00e9s pour r\u00e9pondre \u00e0 des besoins sp\u00e9cifiques, tandis que les bureaux du p\u00e9rim\u00e8tre offrent un environnement de travail confortable et productif. Les espaces de collaboration tels que les salles de r\u00e9union, les espaces de conf\u00e9rence et les zones de pause favorisent l&rsquo;interaction entre les chercheurs, les professionnels de l&rsquo;industrie et les entrepreneurs, cr\u00e9ant ainsi une atmosph\u00e8re propice \u00e0 l&rsquo;innovation.<\/p>\n\n\n\n<h4 class=\"wp-block-heading\">Neuch\u00e2tel : un \u00e9cosyst\u00e8me stimulant pour l&rsquo;innovation et la qualit\u00e9 de vie<\/h4>\n\n\n\n<p>Au-del\u00e0 de son r\u00f4le de centre de diagnostic m\u00e9dical, HLD b\u00e9n\u00e9ficie d&rsquo;une situation g\u00e9ographique exceptionnelle. Le canton de Neuch\u00e2tel offre un \u00e9quilibre id\u00e9al entre opportunit\u00e9s professionnelles et qualit\u00e9 de vie. Situ\u00e9e entre le lac et les montagnes, la r\u00e9gion offre un environnement inspirant et stimulant pour les professionnels, les chercheurs et les entrepreneurs. Gr\u00e2ce \u00e0 sa proximit\u00e9 avec les principales institutions de recherche suisses, ainsi qu&rsquo;\u00e0 un \u00e9cosyst\u00e8me comprenant le <a href=\"https:\/\/www.csem.ch\/\">CSEM<\/a>, l&rsquo;<a href=\"https:\/\/www.epfl.ch\/about\/campus\/fr\/neuchatel\/\">EPFL<\/a>, l&rsquo;<a href=\"https:\/\/www.unine.ch\/\">UniNE<\/a> et la <a href=\"https:\/\/www.he-arc.ch\/\">HE-Arc<\/a>, HLD se positionne au carrefour de l&rsquo;excellence acad\u00e9mique et du savoir-faire industriel.<\/p>\n\n\n\n<p>Le lancement du HLD est une avanc\u00e9e significative pour la r\u00e9gion, renfor\u00e7ant le r\u00f4le de Neuch\u00e2tel en tant que p\u00f4le majeur d&rsquo;innovation dans le domaine des sciences de la vie. Les espaces \u00e9tant d\u00e9sormais ouverts \u00e0 la r\u00e9servation, les entreprises \u00e0 la recherche d&rsquo;un environnement de pointe pour d\u00e9velopper la prochaine g\u00e9n\u00e9ration de technologies de diagnostic m\u00e9dical ont la possibilit\u00e9 de s&rsquo;\u00e9tablir au c\u0153ur de la prosp\u00e8re \u00ab Health Valley \u00bb de Suisse occidentale.<\/p>\n","protected":false},"excerpt":{"rendered":"<p>Le p\u00f4le d&rsquo;innovation Human Lean Diagnostics (HLD) de Neuch\u00e2tel s&rsquo;appr\u00eate \u00e0 accueillir ses premiers locataires en juin 2025. D\u00e9velopp\u00e9 en collaboration avec Microcity, le p\u00f4le a pour vocation d&rsquo;acc\u00e9l\u00e9rer l&rsquo;innovation en mati\u00e8re de diagnostic m\u00e9dical en fournissant des infrastructures de pointe, en encourageant la collaboration entre l&rsquo;industrie et le monde universitaire et en renfor\u00e7ant la position de la Suisse dans le domaine des technologies de la sant\u00e9.<\/p>\n","protected":false},"author":6,"featured_media":30590,"comment_status":"open","ping_status":"open","sticky":false,"template":"","format":"standard","meta":{"_acf_changed":false,"inline_featured_image":false,"mc4wp_mailchimp_campaign":[],"footnotes":""},"categories":[843],"tags":[1179,1210,1188,1184,1181,1163],"class_list":["post-30594","post","type-post","status-publish","format-standard","has-post-thumbnail","hentry","category-sciences-de-la-vie","tag-artificial-intelligence-fr-2","tag-diagnostic-fr-2","tag-healthcare-fr-2","tag-infrastructures-fr-2","tag-medical-devices-fr","tag-medtech-fr-2"],"acf":[],"yoast_head":"<!-- This site is optimized with the Yoast SEO plugin v27.2 - https:\/\/yoast.com\/product\/yoast-seo-wordpress\/ -->\n<title>Le p\u00f4le Human Lean Diagnostics accueille ses premiers locataires<\/title>\n<meta name=\"description\" content=\"Le p\u00f4le d&#039;innovation Human Lean Diagnostics (HLD) de Neuch\u00e2tel s&#039;appr\u00eate \u00e0 accueillir ses premiers locataires en juin 2025.\" \/>\n<meta name=\"robots\" content=\"index, follow, max-snippet:-1, max-image-preview:large, max-video-preview:-1\" \/>\n<link rel=\"canonical\" href=\"https:\/\/ggba.swiss\/fr\/le-cluster-human-lean-diagnostics-de-neuchatel-sapprete-a-accueillir-ses-premiers-locataires\/\" \/>\n<meta property=\"og:locale\" content=\"fr_FR\" \/>\n<meta property=\"og:type\" content=\"article\" \/>\n<meta property=\"og:title\" content=\"Le p\u00f4le Human Lean Diagnostics accueille ses premiers locataires\" \/>\n<meta property=\"og:description\" content=\"Le p\u00f4le d&#039;innovation Human Lean Diagnostics (HLD) de Neuch\u00e2tel s&#039;appr\u00eate \u00e0 accueillir ses premiers locataires en juin 2025.\" \/>\n<meta property=\"og:url\" content=\"https:\/\/ggba.swiss\/fr\/le-cluster-human-lean-diagnostics-de-neuchatel-sapprete-a-accueillir-ses-premiers-locataires\/\" \/>\n<meta property=\"og:site_name\" content=\"Greater Geneva Bern area\" \/>\n<meta property=\"article:published_time\" content=\"2025-01-29T08:09:48+00:00\" \/>\n<meta property=\"article:modified_time\" content=\"2025-01-29T08:14:18+00:00\" \/>\n<meta property=\"og:image\" content=\"https:\/\/ggba.swiss\/app\/uploads\/2025\/01\/HLD-Neuchatel-1180x811-1.jpeg\" \/>\n\t<meta property=\"og:image:width\" content=\"1180\" \/>\n\t<meta property=\"og:image:height\" content=\"811\" \/>\n\t<meta property=\"og:image:type\" content=\"image\/jpeg\" \/>\n<meta name=\"author\" content=\"Pierre-Yves Oehrli\" \/>\n<meta name=\"twitter:card\" content=\"summary_large_image\" \/>\n<meta name=\"twitter:label1\" content=\"\u00c9crit par\" \/>\n\t<meta name=\"twitter:data1\" content=\"Pierre-Yves Oehrli\" \/>\n\t<meta name=\"twitter:label2\" content=\"Dur\u00e9e de lecture estim\u00e9e\" \/>\n\t<meta name=\"twitter:data2\" content=\"3 minutes\" \/>\n<script type=\"application\/ld+json\" class=\"yoast-schema-graph\">{\"@context\":\"https:\/\/schema.org\",\"@graph\":[{\"@type\":\"Article\",\"@id\":\"https:\/\/ggba.swiss\/fr\/le-cluster-human-lean-diagnostics-de-neuchatel-sapprete-a-accueillir-ses-premiers-locataires\/#article\",\"isPartOf\":{\"@id\":\"https:\/\/ggba.swiss\/fr\/le-cluster-human-lean-diagnostics-de-neuchatel-sapprete-a-accueillir-ses-premiers-locataires\/\"},\"author\":{\"name\":\"Pierre-Yves Oehrli\",\"@id\":\"https:\/\/staging.ggba.swiss\/en\/#\/schema\/person\/0b2e6d04131e3d01237dcb741fa33d41\"},\"headline\":\"Le cluster Human Lean Diagnostics de Neuch\u00e2tel s\u2019appr\u00eate \u00e0 accueillir ses premiers locataires\",\"datePublished\":\"2025-01-29T08:09:48+00:00\",\"dateModified\":\"2025-01-29T08:14:18+00:00\",\"mainEntityOfPage\":{\"@id\":\"https:\/\/ggba.swiss\/fr\/le-cluster-human-lean-diagnostics-de-neuchatel-sapprete-a-accueillir-ses-premiers-locataires\/\"},\"wordCount\":688,\"commentCount\":0,\"image\":{\"@id\":\"https:\/\/ggba.swiss\/fr\/le-cluster-human-lean-diagnostics-de-neuchatel-sapprete-a-accueillir-ses-premiers-locataires\/#primaryimage\"},\"thumbnailUrl\":\"https:\/\/ggba.swiss\/app\/uploads\/2025\/01\/HLD-Neuchatel-1180x811-1.jpeg\",\"keywords\":[\"Artificial Intelligence\",\"Diagnostic\",\"Healthcare\",\"Infrastructures\",\"Medical Devices\",\"Medtech\"],\"articleSection\":[\"Sciences de la vie\"],\"inLanguage\":\"fr-FR\",\"potentialAction\":[{\"@type\":\"CommentAction\",\"name\":\"Comment\",\"target\":[\"https:\/\/ggba.swiss\/fr\/le-cluster-human-lean-diagnostics-de-neuchatel-sapprete-a-accueillir-ses-premiers-locataires\/#respond\"]}]},{\"@type\":\"WebPage\",\"@id\":\"https:\/\/ggba.swiss\/fr\/le-cluster-human-lean-diagnostics-de-neuchatel-sapprete-a-accueillir-ses-premiers-locataires\/\",\"url\":\"https:\/\/ggba.swiss\/fr\/le-cluster-human-lean-diagnostics-de-neuchatel-sapprete-a-accueillir-ses-premiers-locataires\/\",\"name\":\"Le p\u00f4le Human Lean Diagnostics accueille ses premiers locataires\",\"isPartOf\":{\"@id\":\"https:\/\/staging.ggba.swiss\/en\/#website\"},\"primaryImageOfPage\":{\"@id\":\"https:\/\/ggba.swiss\/fr\/le-cluster-human-lean-diagnostics-de-neuchatel-sapprete-a-accueillir-ses-premiers-locataires\/#primaryimage\"},\"image\":{\"@id\":\"https:\/\/ggba.swiss\/fr\/le-cluster-human-lean-diagnostics-de-neuchatel-sapprete-a-accueillir-ses-premiers-locataires\/#primaryimage\"},\"thumbnailUrl\":\"https:\/\/ggba.swiss\/app\/uploads\/2025\/01\/HLD-Neuchatel-1180x811-1.jpeg\",\"datePublished\":\"2025-01-29T08:09:48+00:00\",\"dateModified\":\"2025-01-29T08:14:18+00:00\",\"author\":{\"@id\":\"https:\/\/staging.ggba.swiss\/en\/#\/schema\/person\/0b2e6d04131e3d01237dcb741fa33d41\"},\"description\":\"Le p\u00f4le d'innovation Human Lean Diagnostics (HLD) de Neuch\u00e2tel s'appr\u00eate \u00e0 accueillir ses premiers locataires en juin 2025.\",\"breadcrumb\":{\"@id\":\"https:\/\/ggba.swiss\/fr\/le-cluster-human-lean-diagnostics-de-neuchatel-sapprete-a-accueillir-ses-premiers-locataires\/#breadcrumb\"},\"inLanguage\":\"fr-FR\",\"potentialAction\":[{\"@type\":\"ReadAction\",\"target\":[\"https:\/\/ggba.swiss\/fr\/le-cluster-human-lean-diagnostics-de-neuchatel-sapprete-a-accueillir-ses-premiers-locataires\/\"]}]},{\"@type\":\"ImageObject\",\"inLanguage\":\"fr-FR\",\"@id\":\"https:\/\/ggba.swiss\/fr\/le-cluster-human-lean-diagnostics-de-neuchatel-sapprete-a-accueillir-ses-premiers-locataires\/#primaryimage\",\"url\":\"https:\/\/ggba.swiss\/app\/uploads\/2025\/01\/HLD-Neuchatel-1180x811-1.jpeg\",\"contentUrl\":\"https:\/\/ggba.swiss\/app\/uploads\/2025\/01\/HLD-Neuchatel-1180x811-1.jpeg\",\"width\":1180,\"height\":811,\"caption\":\"Le cluster Human Lean Diagnostics (HLD) \u00e0 Neuch\u00e2tel offre un environnement de pointe pour l'innovation en mati\u00e8re de diagnostic m\u00e9dical, r\u00e9unissant l'industrie et le monde universitaire dans la Health Valley de Suisse occidentale. | \u00a9 HLD\"},{\"@type\":\"BreadcrumbList\",\"@id\":\"https:\/\/ggba.swiss\/fr\/le-cluster-human-lean-diagnostics-de-neuchatel-sapprete-a-accueillir-ses-premiers-locataires\/#breadcrumb\",\"itemListElement\":[{\"@type\":\"ListItem\",\"position\":1,\"name\":\"Home\",\"item\":\"https:\/\/ggba.swiss\/fr\/\"},{\"@type\":\"ListItem\",\"position\":2,\"name\":\"Le cluster Human Lean Diagnostics de Neuch\u00e2tel s\u2019appr\u00eate \u00e0 accueillir ses premiers locataires\"}]},{\"@type\":\"WebSite\",\"@id\":\"https:\/\/staging.ggba.swiss\/en\/#website\",\"url\":\"https:\/\/staging.ggba.swiss\/en\/\",\"name\":\"Greater Geneva Bern area\",\"description\":\"\",\"potentialAction\":[{\"@type\":\"SearchAction\",\"target\":{\"@type\":\"EntryPoint\",\"urlTemplate\":\"https:\/\/staging.ggba.swiss\/en\/?s={search_term_string}\"},\"query-input\":{\"@type\":\"PropertyValueSpecification\",\"valueRequired\":true,\"valueName\":\"search_term_string\"}}],\"inLanguage\":\"fr-FR\"},{\"@type\":\"Person\",\"@id\":\"https:\/\/staging.ggba.swiss\/en\/#\/schema\/person\/0b2e6d04131e3d01237dcb741fa33d41\",\"name\":\"Pierre-Yves Oehrli\",\"url\":\"https:\/\/ggba.swiss\/fr\/author\/pierre-yves-oehrli\/\"}]}<\/script>\n<!-- \/ Yoast SEO plugin. -->","yoast_head_json":{"title":"Le p\u00f4le Human Lean Diagnostics accueille ses premiers locataires","description":"Le p\u00f4le d'innovation Human Lean Diagnostics (HLD) de Neuch\u00e2tel s'appr\u00eate \u00e0 accueillir ses premiers locataires en juin 2025.","robots":{"index":"index","follow":"follow","max-snippet":"max-snippet:-1","max-image-preview":"max-image-preview:large","max-video-preview":"max-video-preview:-1"},"canonical":"https:\/\/ggba.swiss\/fr\/le-cluster-human-lean-diagnostics-de-neuchatel-sapprete-a-accueillir-ses-premiers-locataires\/","og_locale":"fr_FR","og_type":"article","og_title":"Le p\u00f4le Human Lean Diagnostics accueille ses premiers locataires","og_description":"Le p\u00f4le d'innovation Human Lean Diagnostics (HLD) de Neuch\u00e2tel s'appr\u00eate \u00e0 accueillir ses premiers locataires en juin 2025.","og_url":"https:\/\/ggba.swiss\/fr\/le-cluster-human-lean-diagnostics-de-neuchatel-sapprete-a-accueillir-ses-premiers-locataires\/","og_site_name":"Greater Geneva Bern area","article_published_time":"2025-01-29T08:09:48+00:00","article_modified_time":"2025-01-29T08:14:18+00:00","og_image":[{"width":1180,"height":811,"url":"https:\/\/ggba.swiss\/app\/uploads\/2025\/01\/HLD-Neuchatel-1180x811-1.jpeg","type":"image\/jpeg"}],"author":"Pierre-Yves Oehrli","twitter_card":"summary_large_image","twitter_misc":{"\u00c9crit par":"Pierre-Yves Oehrli","Dur\u00e9e de lecture estim\u00e9e":"3 minutes"},"schema":{"@context":"https:\/\/schema.org","@graph":[{"@type":"Article","@id":"https:\/\/ggba.swiss\/fr\/le-cluster-human-lean-diagnostics-de-neuchatel-sapprete-a-accueillir-ses-premiers-locataires\/#article","isPartOf":{"@id":"https:\/\/ggba.swiss\/fr\/le-cluster-human-lean-diagnostics-de-neuchatel-sapprete-a-accueillir-ses-premiers-locataires\/"},"author":{"name":"Pierre-Yves Oehrli","@id":"https:\/\/staging.ggba.swiss\/en\/#\/schema\/person\/0b2e6d04131e3d01237dcb741fa33d41"},"headline":"Le cluster Human Lean Diagnostics de Neuch\u00e2tel s\u2019appr\u00eate \u00e0 accueillir ses premiers locataires","datePublished":"2025-01-29T08:09:48+00:00","dateModified":"2025-01-29T08:14:18+00:00","mainEntityOfPage":{"@id":"https:\/\/ggba.swiss\/fr\/le-cluster-human-lean-diagnostics-de-neuchatel-sapprete-a-accueillir-ses-premiers-locataires\/"},"wordCount":688,"commentCount":0,"image":{"@id":"https:\/\/ggba.swiss\/fr\/le-cluster-human-lean-diagnostics-de-neuchatel-sapprete-a-accueillir-ses-premiers-locataires\/#primaryimage"},"thumbnailUrl":"https:\/\/ggba.swiss\/app\/uploads\/2025\/01\/HLD-Neuchatel-1180x811-1.jpeg","keywords":["Artificial Intelligence","Diagnostic","Healthcare","Infrastructures","Medical Devices","Medtech"],"articleSection":["Sciences de la vie"],"inLanguage":"fr-FR","potentialAction":[{"@type":"CommentAction","name":"Comment","target":["https:\/\/ggba.swiss\/fr\/le-cluster-human-lean-diagnostics-de-neuchatel-sapprete-a-accueillir-ses-premiers-locataires\/#respond"]}]},{"@type":"WebPage","@id":"https:\/\/ggba.swiss\/fr\/le-cluster-human-lean-diagnostics-de-neuchatel-sapprete-a-accueillir-ses-premiers-locataires\/","url":"https:\/\/ggba.swiss\/fr\/le-cluster-human-lean-diagnostics-de-neuchatel-sapprete-a-accueillir-ses-premiers-locataires\/","name":"Le p\u00f4le Human Lean Diagnostics accueille ses premiers locataires","isPartOf":{"@id":"https:\/\/staging.ggba.swiss\/en\/#website"},"primaryImageOfPage":{"@id":"https:\/\/ggba.swiss\/fr\/le-cluster-human-lean-diagnostics-de-neuchatel-sapprete-a-accueillir-ses-premiers-locataires\/#primaryimage"},"image":{"@id":"https:\/\/ggba.swiss\/fr\/le-cluster-human-lean-diagnostics-de-neuchatel-sapprete-a-accueillir-ses-premiers-locataires\/#primaryimage"},"thumbnailUrl":"https:\/\/ggba.swiss\/app\/uploads\/2025\/01\/HLD-Neuchatel-1180x811-1.jpeg","datePublished":"2025-01-29T08:09:48+00:00","dateModified":"2025-01-29T08:14:18+00:00","author":{"@id":"https:\/\/staging.ggba.swiss\/en\/#\/schema\/person\/0b2e6d04131e3d01237dcb741fa33d41"},"description":"Le p\u00f4le d'innovation Human Lean Diagnostics (HLD) de Neuch\u00e2tel s'appr\u00eate \u00e0 accueillir ses premiers locataires en juin 2025.","breadcrumb":{"@id":"https:\/\/ggba.swiss\/fr\/le-cluster-human-lean-diagnostics-de-neuchatel-sapprete-a-accueillir-ses-premiers-locataires\/#breadcrumb"},"inLanguage":"fr-FR","potentialAction":[{"@type":"ReadAction","target":["https:\/\/ggba.swiss\/fr\/le-cluster-human-lean-diagnostics-de-neuchatel-sapprete-a-accueillir-ses-premiers-locataires\/"]}]},{"@type":"ImageObject","inLanguage":"fr-FR","@id":"https:\/\/ggba.swiss\/fr\/le-cluster-human-lean-diagnostics-de-neuchatel-sapprete-a-accueillir-ses-premiers-locataires\/#primaryimage","url":"https:\/\/ggba.swiss\/app\/uploads\/2025\/01\/HLD-Neuchatel-1180x811-1.jpeg","contentUrl":"https:\/\/ggba.swiss\/app\/uploads\/2025\/01\/HLD-Neuchatel-1180x811-1.jpeg","width":1180,"height":811,"caption":"Le cluster Human Lean Diagnostics (HLD) \u00e0 Neuch\u00e2tel offre un environnement de pointe pour l'innovation en mati\u00e8re de diagnostic m\u00e9dical, r\u00e9unissant l'industrie et le monde universitaire dans la Health Valley de Suisse occidentale. | \u00a9 HLD"},{"@type":"BreadcrumbList","@id":"https:\/\/ggba.swiss\/fr\/le-cluster-human-lean-diagnostics-de-neuchatel-sapprete-a-accueillir-ses-premiers-locataires\/#breadcrumb","itemListElement":[{"@type":"ListItem","position":1,"name":"Home","item":"https:\/\/ggba.swiss\/fr\/"},{"@type":"ListItem","position":2,"name":"Le cluster Human Lean Diagnostics de Neuch\u00e2tel s\u2019appr\u00eate \u00e0 accueillir ses premiers locataires"}]},{"@type":"WebSite","@id":"https:\/\/staging.ggba.swiss\/en\/#website","url":"https:\/\/staging.ggba.swiss\/en\/","name":"Greater Geneva Bern area","description":"","potentialAction":[{"@type":"SearchAction","target":{"@type":"EntryPoint","urlTemplate":"https:\/\/staging.ggba.swiss\/en\/?s={search_term_string}"},"query-input":{"@type":"PropertyValueSpecification","valueRequired":true,"valueName":"search_term_string"}}],"inLanguage":"fr-FR"},{"@type":"Person","@id":"https:\/\/staging.ggba.swiss\/en\/#\/schema\/person\/0b2e6d04131e3d01237dcb741fa33d41","name":"Pierre-Yves Oehrli","url":"https:\/\/ggba.swiss\/fr\/author\/pierre-yves-oehrli\/"}]}},"_links":{"self":[{"href":"https:\/\/ggba.swiss\/fr\/wp-json\/wp\/v2\/posts\/30594","targetHints":{"allow":["GET"]}}],"collection":[{"href":"https:\/\/ggba.swiss\/fr\/wp-json\/wp\/v2\/posts"}],"about":[{"href":"https:\/\/ggba.swiss\/fr\/wp-json\/wp\/v2\/types\/post"}],"author":[{"embeddable":true,"href":"https:\/\/ggba.swiss\/fr\/wp-json\/wp\/v2\/users\/6"}],"replies":[{"embeddable":true,"href":"https:\/\/ggba.swiss\/fr\/wp-json\/wp\/v2\/comments?post=30594"}],"version-history":[{"count":1,"href":"https:\/\/ggba.swiss\/fr\/wp-json\/wp\/v2\/posts\/30594\/revisions"}],"predecessor-version":[{"id":30596,"href":"https:\/\/ggba.swiss\/fr\/wp-json\/wp\/v2\/posts\/30594\/revisions\/30596"}],"wp:featuredmedia":[{"embeddable":true,"href":"https:\/\/ggba.swiss\/fr\/wp-json\/wp\/v2\/media\/30590"}],"wp:attachment":[{"href":"https:\/\/ggba.swiss\/fr\/wp-json\/wp\/v2\/media?parent=30594"}],"wp:term":[{"taxonomy":"category","embeddable":true,"href":"https:\/\/ggba.swiss\/fr\/wp-json\/wp\/v2\/categories?post=30594"},{"taxonomy":"post_tag","embeddable":true,"href":"https:\/\/ggba.swiss\/fr\/wp-json\/wp\/v2\/tags?post=30594"}],"curies":[{"name":"wp","href":"https:\/\/api.w.org\/{rel}","templated":true}]}}