{"id":33510,"date":"2025-05-21T08:58:28","date_gmt":"2025-05-21T06:58:28","guid":{"rendered":"https:\/\/ggba.swiss\/pulse-a-new-era-for-innovation-in-western-switzerland\/"},"modified":"2025-05-21T09:14:07","modified_gmt":"2025-05-21T07:14:07","slug":"pulse-une-nouvelle-ere-pour-linnovation-en-suisse-occidentale","status":"publish","type":"post","link":"https:\/\/ggba.swiss\/fr\/pulse-une-nouvelle-ere-pour-linnovation-en-suisse-occidentale\/","title":{"rendered":"PULSE, une nouvelle \u00e8re pour l&rsquo;innovation en Suisse occidentale"},"content":{"rendered":"\n<p>Au c\u0153ur de la Health Valley de Suisse occidentale, une nouvelle \u00e9tape a \u00e9t\u00e9 franchie. D\u00e9velopp\u00e9 par <a href=\"https:\/\/www.epic.ch\/fr\/home\">EPIC Suisse AG<\/a> et inaugur\u00e9 le 16 mai 2025, <a href=\"https:\/\/pulse.swiss\/\">PULSE<\/a> incarne d\u00e9sormais avec audace la flexibilit\u00e9 architecturale, la gestion environnementale et l&rsquo;ambition technologique. Plus qu&rsquo;un ensemble de b\u00e2timents, PULSE est un catalyseur de collaboration et d&rsquo;innovation.<\/p>\n\n\n\n<p>Fruit de dix ann\u00e9es de travail, le projet a \u00e9t\u00e9 initialement attribu\u00e9 en 2013 \u00e0 la soci\u00e9t\u00e9 Architram Architecture et Urbanisme SA, bas\u00e9e \u00e0 Renens. Il offre aujourd&rsquo;hui 43&rsquo;000 m\u00e8tres carr\u00e9s d&rsquo;espace modulaire en surface, auxquels s&rsquo;ajoutent 27&rsquo;000 m\u00e8tres carr\u00e9s souterrains destin\u00e9s \u00e0 la logistique, au stationnement et aux infrastructures techniques. Cette empreinte massive est r\u00e9partie dans deux b\u00e2timents interconnect\u00e9s, reli\u00e9s par un centre logistique central.<\/p>\n\n\n\n<p>Con\u00e7u dans un souci d&rsquo;adaptabilit\u00e9, PULSE r\u00e9pond \u00e0 un large \u00e9ventail de besoins op\u00e9rationnels, allant de la biotechnologie et de la technologie m\u00e9dicale \u00e0 la fabrication de pointe et \u00e0 l&rsquo;informatique quantique. La hauteur sous plafond varie entre 3 et 5,8 m\u00e8tres, certaines zones pouvant atteindre une double hauteur pour accueillir des \u00e9quipements lourds et encombrants tels que des bior\u00e9acteurs. Des patios au centre des b\u00e2timents permettent \u00e0 la lumi\u00e8re naturelle de p\u00e9n\u00e9trer profond\u00e9ment dans les espaces de travail, cr\u00e9ant une atmosph\u00e8re lumineuse et propice \u00e0 la productivit\u00e9.<\/p>\n\n\n\n<p>Douze quais de chargement pour camions assurent un acc\u00e8s efficace \u00e0 la cha\u00eene d&rsquo;approvisionnement. La capacit\u00e9 de charge du rez-de-chauss\u00e9e atteint 2 tonnes par m\u00e8tre carr\u00e9 et l&rsquo;infrastructure \u00e9lectrique est \u00e9volutive de 3 \u00e0 6 m\u00e9gawatts. Les syst\u00e8mes de traitement de l&rsquo;air ont \u00e9t\u00e9 con\u00e7us pour r\u00e9pondre aux normes rigoureuses des salles blanches ISO 5 et Grade A, offrant la capacit\u00e9 technique n\u00e9cessaire pour les environnements st\u00e9riles ou hautement contr\u00f4l\u00e9s.<\/p>\n\n\n\n<h4 class=\"wp-block-heading\">Un \u00e9cosyst\u00e8me complet, accessible et durable<\/h4>\n\n\n\n<p>Situ\u00e9 dans la zone industrielle de Cheseaux-sur-Lausanne, PULSE b\u00e9n\u00e9ficie d&rsquo;un acc\u00e8s imm\u00e9diat \u00e0 l&rsquo;autoroute via Crissier, Cossonay et La Bl\u00e9cherette. Les transports publics sont tout aussi pratiques : la ligne LEB offre une liaison directe avec le centre-ville de Lausanne, tandis que le bus r\u00e9gional 54 relie le site \u00e0 la gare de Renens en seulement 11 minutes.<\/p>\n\n\n\n<p>PULSE a \u00e9t\u00e9 con\u00e7u non seulement comme un centre de productivit\u00e9, mais aussi comme un p\u00f4le communautaire. Les services sur place comprennent un restaurant g\u00e9r\u00e9 par Eldora SA, un centre de remise en forme, des salles de conf\u00e9rence et une cr\u00e8che g\u00e9r\u00e9e par BUBBLES Kids Club. Ces \u00e9quipements favorisent le bien-\u00eatre des locataires et refl\u00e8tent l&rsquo;engagement de PULSE en faveur d&rsquo;un \u00e9quilibre moderne entre vie professionnelle et vie priv\u00e9e.<\/p>\n\n\n\n<p>PULSE a obtenu les certifications Minergie et BREEAM, qui t\u00e9moignent de la forte dimension durable du projet. Plus de 1&rsquo;000 panneaux solaires install\u00e9s sur le toit et 80 sondes g\u00e9othermiques profondes contribuent \u00e0 couvrir une part importante des besoins \u00e9nerg\u00e9tiques du site, le rendant ainsi presque autonome sur le plan \u00e9nerg\u00e9tique. Parmi les autres caract\u00e9ristiques, on peut citer un parking \u00e0 v\u00e9los s\u00e9curis\u00e9, des bornes de recharge pour v\u00e9hicules \u00e9lectriques et des v\u00e9hicules \u00e9lectriques partag\u00e9s.<\/p>\n\n\n\n<p>Bord\u00e9 de for\u00eats et de terres agricoles, le site est con\u00e7u pour s&rsquo;int\u00e9grer harmonieusement dans son environnement naturel. Des chemins perm\u00e9ables serpentent entre les b\u00e2timents et les \u00e9l\u00e9ments paysagers, notamment deux jardins de r\u00e9tention des eaux pluviales qui favorisent \u00e9galement la biodiversit\u00e9. Des aires de repos en plein air offrent aux employ\u00e9s la possibilit\u00e9 de se ressourcer dans des espaces verts tranquilles.<\/p>\n\n\n\n<h4 class=\"wp-block-heading\">Con\u00e7u pour la collaboration<\/h4>\n\n\n\n<p>La conception modulaire et la logistique centralis\u00e9e de PULSE favorisent la proximit\u00e9 et les synergies entre les locataires. Les premi\u00e8res entreprises \u00e0 s&rsquo;y installer sont <a href=\"https:\/\/www.thermofisher.com\/ch\/en\/home.html\">Thermo Fisher Scientific<\/a>, Kidelis, Eldora SA et BUBBLES Kids Club. Chacune d&rsquo;entre elles contribue \u00e0 une communaut\u00e9 innovante \u00e9mergente, anim\u00e9e par la science, soutenue par EPIC Suisse et connect\u00e9e \u00e0 des partenaires cl\u00e9s de l&rsquo;\u00e9cosyst\u00e8me tels que le <a href=\"https:\/\/ggba.swiss\/fr\/services\/\">GGBa<\/a>, <a href=\"https:\/\/www.innovaud.ch\/\">Innovaud<\/a>, <a href=\"https:\/\/www.s-ge.com\/fr\">Switzerland Global Enterprise<\/a> et la <a href=\"https:\/\/www.swissbiotech.org\/\">Swiss Biotech Association<\/a>.<\/p>\n\n\n\n<p>PULSE est plus qu&rsquo;un b\u00e2timent, c&rsquo;est une d\u00e9claration d&rsquo;intention. Un espace o\u00f9 les sciences de la vie et les technologies de pointe convergent. Un lieu con\u00e7u pour \u00e9voluer, s&rsquo;agrandir et inspirer. Alors que l&rsquo;\u00e9cosyst\u00e8me d&rsquo;innovation de la Suisse occidentale continue de se d\u00e9velopper, PULSE est appel\u00e9 \u00e0 jouer un r\u00f4le central, un lieu o\u00f9 l&rsquo;avenir de la science, de la sant\u00e9 et des hautes technologies est d\u00e9j\u00e0 en train de prendre forme.<\/p>\n","protected":false},"excerpt":{"rendered":"<p>Inaugur\u00e9 en mai 2025, le centre d&rsquo;innovation PULSE \u00e0 Cheseaux-sur-Lausanne s&rsquo;impose comme un site phare pour les entreprises actives dans les sciences de la vie et les technologies de pointe en Suisse occidentale. Il offre une infrastructure modulaire, des services partag\u00e9s et un environnement unique propice \u00e0 la collaboration et \u00e0 la croissance.<\/p>\n","protected":false},"author":6,"featured_media":33512,"comment_status":"open","ping_status":"open","sticky":false,"template":"","format":"standard","meta":{"_acf_changed":false,"inline_featured_image":false,"mc4wp_mailchimp_campaign":[],"footnotes":""},"categories":[843],"tags":[1169,1188,1154,1163,1168],"class_list":["post-33510","post","type-post","status-publish","format-standard","has-post-thumbnail","hentry","category-sciences-de-la-vie","tag-biotech-fr-2","tag-healthcare-fr-2","tag-investment-fr-2","tag-medtech-fr-2","tag-technology-park-fr-2"],"acf":[],"yoast_head":"<!-- This site is optimized with the Yoast SEO plugin v27.2 - https:\/\/yoast.com\/product\/yoast-seo-wordpress\/ -->\n<title>PULSE, une nouvelle \u00e8re pour l&#039;innovation en Suisse occidentale<\/title>\n<meta name=\"description\" content=\"PULSE s&#039;impose comme un site phare pour les entreprises actives dans les sciences de la vie et les technologies en Suisse occidentale.\" \/>\n<meta name=\"robots\" content=\"index, follow, max-snippet:-1, max-image-preview:large, max-video-preview:-1\" \/>\n<link rel=\"canonical\" href=\"https:\/\/ggba.swiss\/fr\/pulse-une-nouvelle-ere-pour-linnovation-en-suisse-occidentale\/\" \/>\n<meta property=\"og:locale\" content=\"fr_FR\" \/>\n<meta property=\"og:type\" content=\"article\" \/>\n<meta property=\"og:title\" content=\"PULSE, une nouvelle \u00e8re pour l&#039;innovation en Suisse occidentale\" \/>\n<meta property=\"og:description\" content=\"PULSE s&#039;impose comme un site phare pour les entreprises actives dans les sciences de la vie et les technologies en Suisse occidentale.\" \/>\n<meta property=\"og:url\" content=\"https:\/\/ggba.swiss\/fr\/pulse-une-nouvelle-ere-pour-linnovation-en-suisse-occidentale\/\" \/>\n<meta property=\"og:site_name\" content=\"Greater Geneva Bern area\" \/>\n<meta property=\"article:published_time\" content=\"2025-05-21T06:58:28+00:00\" \/>\n<meta property=\"article:modified_time\" content=\"2025-05-21T07:14:07+00:00\" \/>\n<meta property=\"og:image\" content=\"https:\/\/ggba.swiss\/app\/uploads\/2025\/05\/Innovation-Center-Pulse-Innovation-Center-1180x811-1.jpg\" \/>\n\t<meta property=\"og:image:width\" content=\"1180\" \/>\n\t<meta property=\"og:image:height\" content=\"811\" \/>\n\t<meta property=\"og:image:type\" content=\"image\/jpeg\" \/>\n<meta name=\"author\" content=\"Pierre-Yves Oehrli\" \/>\n<meta name=\"twitter:card\" content=\"summary_large_image\" \/>\n<meta name=\"twitter:label1\" content=\"\u00c9crit par\" \/>\n\t<meta name=\"twitter:data1\" content=\"Pierre-Yves Oehrli\" \/>\n\t<meta name=\"twitter:label2\" content=\"Dur\u00e9e de lecture estim\u00e9e\" \/>\n\t<meta name=\"twitter:data2\" content=\"4 minutes\" \/>\n<script type=\"application\/ld+json\" class=\"yoast-schema-graph\">{\"@context\":\"https:\/\/schema.org\",\"@graph\":[{\"@type\":\"Article\",\"@id\":\"https:\/\/ggba.swiss\/fr\/pulse-une-nouvelle-ere-pour-linnovation-en-suisse-occidentale\/#article\",\"isPartOf\":{\"@id\":\"https:\/\/ggba.swiss\/fr\/pulse-une-nouvelle-ere-pour-linnovation-en-suisse-occidentale\/\"},\"author\":{\"name\":\"Pierre-Yves Oehrli\",\"@id\":\"https:\/\/staging.ggba.swiss\/en\/#\/schema\/person\/0b2e6d04131e3d01237dcb741fa33d41\"},\"headline\":\"PULSE, une nouvelle \u00e8re pour l&rsquo;innovation en Suisse occidentale\",\"datePublished\":\"2025-05-21T06:58:28+00:00\",\"dateModified\":\"2025-05-21T07:14:07+00:00\",\"mainEntityOfPage\":{\"@id\":\"https:\/\/ggba.swiss\/fr\/pulse-une-nouvelle-ere-pour-linnovation-en-suisse-occidentale\/\"},\"wordCount\":789,\"commentCount\":0,\"image\":{\"@id\":\"https:\/\/ggba.swiss\/fr\/pulse-une-nouvelle-ere-pour-linnovation-en-suisse-occidentale\/#primaryimage\"},\"thumbnailUrl\":\"https:\/\/ggba.swiss\/app\/uploads\/2025\/05\/Innovation-Center-Pulse-Innovation-Center-1180x811-1.jpg\",\"keywords\":[\"Biotech\",\"Healthcare\",\"Investment\",\"Medtech\",\"Technology Park\"],\"articleSection\":[\"Sciences de la vie\"],\"inLanguage\":\"fr-FR\",\"potentialAction\":[{\"@type\":\"CommentAction\",\"name\":\"Comment\",\"target\":[\"https:\/\/ggba.swiss\/fr\/pulse-une-nouvelle-ere-pour-linnovation-en-suisse-occidentale\/#respond\"]}]},{\"@type\":\"WebPage\",\"@id\":\"https:\/\/ggba.swiss\/fr\/pulse-une-nouvelle-ere-pour-linnovation-en-suisse-occidentale\/\",\"url\":\"https:\/\/ggba.swiss\/fr\/pulse-une-nouvelle-ere-pour-linnovation-en-suisse-occidentale\/\",\"name\":\"PULSE, une nouvelle \u00e8re pour l'innovation en Suisse occidentale\",\"isPartOf\":{\"@id\":\"https:\/\/staging.ggba.swiss\/en\/#website\"},\"primaryImageOfPage\":{\"@id\":\"https:\/\/ggba.swiss\/fr\/pulse-une-nouvelle-ere-pour-linnovation-en-suisse-occidentale\/#primaryimage\"},\"image\":{\"@id\":\"https:\/\/ggba.swiss\/fr\/pulse-une-nouvelle-ere-pour-linnovation-en-suisse-occidentale\/#primaryimage\"},\"thumbnailUrl\":\"https:\/\/ggba.swiss\/app\/uploads\/2025\/05\/Innovation-Center-Pulse-Innovation-Center-1180x811-1.jpg\",\"datePublished\":\"2025-05-21T06:58:28+00:00\",\"dateModified\":\"2025-05-21T07:14:07+00:00\",\"author\":{\"@id\":\"https:\/\/staging.ggba.swiss\/en\/#\/schema\/person\/0b2e6d04131e3d01237dcb741fa33d41\"},\"description\":\"PULSE s'impose comme un site phare pour les entreprises actives dans les sciences de la vie et les technologies en Suisse occidentale.\",\"breadcrumb\":{\"@id\":\"https:\/\/ggba.swiss\/fr\/pulse-une-nouvelle-ere-pour-linnovation-en-suisse-occidentale\/#breadcrumb\"},\"inLanguage\":\"fr-FR\",\"potentialAction\":[{\"@type\":\"ReadAction\",\"target\":[\"https:\/\/ggba.swiss\/fr\/pulse-une-nouvelle-ere-pour-linnovation-en-suisse-occidentale\/\"]}]},{\"@type\":\"ImageObject\",\"inLanguage\":\"fr-FR\",\"@id\":\"https:\/\/ggba.swiss\/fr\/pulse-une-nouvelle-ere-pour-linnovation-en-suisse-occidentale\/#primaryimage\",\"url\":\"https:\/\/ggba.swiss\/app\/uploads\/2025\/05\/Innovation-Center-Pulse-Innovation-Center-1180x811-1.jpg\",\"contentUrl\":\"https:\/\/ggba.swiss\/app\/uploads\/2025\/05\/Innovation-Center-Pulse-Innovation-Center-1180x811-1.jpg\",\"width\":1180,\"height\":811,\"caption\":\"De gauche \u00e0 droite : Isabelle Moret (Conseill\u00e8re d\u2019\u00c9tat vaudoise), Guy Parmelin (Conseiller f\u00e9d\u00e9ral), Arik Parizer (CEO d\u2019EPIC Suisse), \u00c9tienne Fleury (Syndic de Cheseaux-sur-Lausanne), un actionnaire d\u2019EPIC Suisse, Haim Bensaid (Pr\u00e9sident d\u2019EPIC Suisse), et un repr\u00e9sentant du Grand Conseil vaudois coupent le ruban lors de l\u2019inauguration du centre d\u2019innovation PULSE le 16 mai 2025. | \u00a9 Butfirst\"},{\"@type\":\"BreadcrumbList\",\"@id\":\"https:\/\/ggba.swiss\/fr\/pulse-une-nouvelle-ere-pour-linnovation-en-suisse-occidentale\/#breadcrumb\",\"itemListElement\":[{\"@type\":\"ListItem\",\"position\":1,\"name\":\"Home\",\"item\":\"https:\/\/ggba.swiss\/fr\/\"},{\"@type\":\"ListItem\",\"position\":2,\"name\":\"PULSE, une nouvelle \u00e8re pour l&#8217;innovation en Suisse occidentale\"}]},{\"@type\":\"WebSite\",\"@id\":\"https:\/\/staging.ggba.swiss\/en\/#website\",\"url\":\"https:\/\/staging.ggba.swiss\/en\/\",\"name\":\"Greater Geneva Bern area\",\"description\":\"\",\"potentialAction\":[{\"@type\":\"SearchAction\",\"target\":{\"@type\":\"EntryPoint\",\"urlTemplate\":\"https:\/\/staging.ggba.swiss\/en\/?s={search_term_string}\"},\"query-input\":{\"@type\":\"PropertyValueSpecification\",\"valueRequired\":true,\"valueName\":\"search_term_string\"}}],\"inLanguage\":\"fr-FR\"},{\"@type\":\"Person\",\"@id\":\"https:\/\/staging.ggba.swiss\/en\/#\/schema\/person\/0b2e6d04131e3d01237dcb741fa33d41\",\"name\":\"Pierre-Yves Oehrli\",\"url\":\"https:\/\/ggba.swiss\/fr\/author\/pierre-yves-oehrli\/\"}]}<\/script>\n<!-- \/ Yoast SEO plugin. -->","yoast_head_json":{"title":"PULSE, une nouvelle \u00e8re pour l'innovation en Suisse occidentale","description":"PULSE s'impose comme un site phare pour les entreprises actives dans les sciences de la vie et les technologies en Suisse occidentale.","robots":{"index":"index","follow":"follow","max-snippet":"max-snippet:-1","max-image-preview":"max-image-preview:large","max-video-preview":"max-video-preview:-1"},"canonical":"https:\/\/ggba.swiss\/fr\/pulse-une-nouvelle-ere-pour-linnovation-en-suisse-occidentale\/","og_locale":"fr_FR","og_type":"article","og_title":"PULSE, une nouvelle \u00e8re pour l'innovation en Suisse occidentale","og_description":"PULSE s'impose comme un site phare pour les entreprises actives dans les sciences de la vie et les technologies en Suisse occidentale.","og_url":"https:\/\/ggba.swiss\/fr\/pulse-une-nouvelle-ere-pour-linnovation-en-suisse-occidentale\/","og_site_name":"Greater Geneva Bern area","article_published_time":"2025-05-21T06:58:28+00:00","article_modified_time":"2025-05-21T07:14:07+00:00","og_image":[{"width":1180,"height":811,"url":"https:\/\/ggba.swiss\/app\/uploads\/2025\/05\/Innovation-Center-Pulse-Innovation-Center-1180x811-1.jpg","type":"image\/jpeg"}],"author":"Pierre-Yves Oehrli","twitter_card":"summary_large_image","twitter_misc":{"\u00c9crit par":"Pierre-Yves Oehrli","Dur\u00e9e de lecture estim\u00e9e":"4 minutes"},"schema":{"@context":"https:\/\/schema.org","@graph":[{"@type":"Article","@id":"https:\/\/ggba.swiss\/fr\/pulse-une-nouvelle-ere-pour-linnovation-en-suisse-occidentale\/#article","isPartOf":{"@id":"https:\/\/ggba.swiss\/fr\/pulse-une-nouvelle-ere-pour-linnovation-en-suisse-occidentale\/"},"author":{"name":"Pierre-Yves Oehrli","@id":"https:\/\/staging.ggba.swiss\/en\/#\/schema\/person\/0b2e6d04131e3d01237dcb741fa33d41"},"headline":"PULSE, une nouvelle \u00e8re pour l&rsquo;innovation en Suisse occidentale","datePublished":"2025-05-21T06:58:28+00:00","dateModified":"2025-05-21T07:14:07+00:00","mainEntityOfPage":{"@id":"https:\/\/ggba.swiss\/fr\/pulse-une-nouvelle-ere-pour-linnovation-en-suisse-occidentale\/"},"wordCount":789,"commentCount":0,"image":{"@id":"https:\/\/ggba.swiss\/fr\/pulse-une-nouvelle-ere-pour-linnovation-en-suisse-occidentale\/#primaryimage"},"thumbnailUrl":"https:\/\/ggba.swiss\/app\/uploads\/2025\/05\/Innovation-Center-Pulse-Innovation-Center-1180x811-1.jpg","keywords":["Biotech","Healthcare","Investment","Medtech","Technology Park"],"articleSection":["Sciences de la vie"],"inLanguage":"fr-FR","potentialAction":[{"@type":"CommentAction","name":"Comment","target":["https:\/\/ggba.swiss\/fr\/pulse-une-nouvelle-ere-pour-linnovation-en-suisse-occidentale\/#respond"]}]},{"@type":"WebPage","@id":"https:\/\/ggba.swiss\/fr\/pulse-une-nouvelle-ere-pour-linnovation-en-suisse-occidentale\/","url":"https:\/\/ggba.swiss\/fr\/pulse-une-nouvelle-ere-pour-linnovation-en-suisse-occidentale\/","name":"PULSE, une nouvelle \u00e8re pour l'innovation en Suisse occidentale","isPartOf":{"@id":"https:\/\/staging.ggba.swiss\/en\/#website"},"primaryImageOfPage":{"@id":"https:\/\/ggba.swiss\/fr\/pulse-une-nouvelle-ere-pour-linnovation-en-suisse-occidentale\/#primaryimage"},"image":{"@id":"https:\/\/ggba.swiss\/fr\/pulse-une-nouvelle-ere-pour-linnovation-en-suisse-occidentale\/#primaryimage"},"thumbnailUrl":"https:\/\/ggba.swiss\/app\/uploads\/2025\/05\/Innovation-Center-Pulse-Innovation-Center-1180x811-1.jpg","datePublished":"2025-05-21T06:58:28+00:00","dateModified":"2025-05-21T07:14:07+00:00","author":{"@id":"https:\/\/staging.ggba.swiss\/en\/#\/schema\/person\/0b2e6d04131e3d01237dcb741fa33d41"},"description":"PULSE s'impose comme un site phare pour les entreprises actives dans les sciences de la vie et les technologies en Suisse occidentale.","breadcrumb":{"@id":"https:\/\/ggba.swiss\/fr\/pulse-une-nouvelle-ere-pour-linnovation-en-suisse-occidentale\/#breadcrumb"},"inLanguage":"fr-FR","potentialAction":[{"@type":"ReadAction","target":["https:\/\/ggba.swiss\/fr\/pulse-une-nouvelle-ere-pour-linnovation-en-suisse-occidentale\/"]}]},{"@type":"ImageObject","inLanguage":"fr-FR","@id":"https:\/\/ggba.swiss\/fr\/pulse-une-nouvelle-ere-pour-linnovation-en-suisse-occidentale\/#primaryimage","url":"https:\/\/ggba.swiss\/app\/uploads\/2025\/05\/Innovation-Center-Pulse-Innovation-Center-1180x811-1.jpg","contentUrl":"https:\/\/ggba.swiss\/app\/uploads\/2025\/05\/Innovation-Center-Pulse-Innovation-Center-1180x811-1.jpg","width":1180,"height":811,"caption":"De gauche \u00e0 droite : Isabelle Moret (Conseill\u00e8re d\u2019\u00c9tat vaudoise), Guy Parmelin (Conseiller f\u00e9d\u00e9ral), Arik Parizer (CEO d\u2019EPIC Suisse), \u00c9tienne Fleury (Syndic de Cheseaux-sur-Lausanne), un actionnaire d\u2019EPIC Suisse, Haim Bensaid (Pr\u00e9sident d\u2019EPIC Suisse), et un repr\u00e9sentant du Grand Conseil vaudois coupent le ruban lors de l\u2019inauguration du centre d\u2019innovation PULSE le 16 mai 2025. | \u00a9 Butfirst"},{"@type":"BreadcrumbList","@id":"https:\/\/ggba.swiss\/fr\/pulse-une-nouvelle-ere-pour-linnovation-en-suisse-occidentale\/#breadcrumb","itemListElement":[{"@type":"ListItem","position":1,"name":"Home","item":"https:\/\/ggba.swiss\/fr\/"},{"@type":"ListItem","position":2,"name":"PULSE, une nouvelle \u00e8re pour l&#8217;innovation en Suisse occidentale"}]},{"@type":"WebSite","@id":"https:\/\/staging.ggba.swiss\/en\/#website","url":"https:\/\/staging.ggba.swiss\/en\/","name":"Greater Geneva Bern area","description":"","potentialAction":[{"@type":"SearchAction","target":{"@type":"EntryPoint","urlTemplate":"https:\/\/staging.ggba.swiss\/en\/?s={search_term_string}"},"query-input":{"@type":"PropertyValueSpecification","valueRequired":true,"valueName":"search_term_string"}}],"inLanguage":"fr-FR"},{"@type":"Person","@id":"https:\/\/staging.ggba.swiss\/en\/#\/schema\/person\/0b2e6d04131e3d01237dcb741fa33d41","name":"Pierre-Yves Oehrli","url":"https:\/\/ggba.swiss\/fr\/author\/pierre-yves-oehrli\/"}]}},"_links":{"self":[{"href":"https:\/\/ggba.swiss\/fr\/wp-json\/wp\/v2\/posts\/33510","targetHints":{"allow":["GET"]}}],"collection":[{"href":"https:\/\/ggba.swiss\/fr\/wp-json\/wp\/v2\/posts"}],"about":[{"href":"https:\/\/ggba.swiss\/fr\/wp-json\/wp\/v2\/types\/post"}],"author":[{"embeddable":true,"href":"https:\/\/ggba.swiss\/fr\/wp-json\/wp\/v2\/users\/6"}],"replies":[{"embeddable":true,"href":"https:\/\/ggba.swiss\/fr\/wp-json\/wp\/v2\/comments?post=33510"}],"version-history":[{"count":1,"href":"https:\/\/ggba.swiss\/fr\/wp-json\/wp\/v2\/posts\/33510\/revisions"}],"predecessor-version":[{"id":33515,"href":"https:\/\/ggba.swiss\/fr\/wp-json\/wp\/v2\/posts\/33510\/revisions\/33515"}],"wp:featuredmedia":[{"embeddable":true,"href":"https:\/\/ggba.swiss\/fr\/wp-json\/wp\/v2\/media\/33512"}],"wp:attachment":[{"href":"https:\/\/ggba.swiss\/fr\/wp-json\/wp\/v2\/media?parent=33510"}],"wp:term":[{"taxonomy":"category","embeddable":true,"href":"https:\/\/ggba.swiss\/fr\/wp-json\/wp\/v2\/categories?post=33510"},{"taxonomy":"post_tag","embeddable":true,"href":"https:\/\/ggba.swiss\/fr\/wp-json\/wp\/v2\/tags?post=33510"}],"curies":[{"name":"wp","href":"https:\/\/api.w.org\/{rel}","templated":true}]}}