{"id":34219,"date":"2025-06-30T15:39:08","date_gmt":"2025-06-30T13:39:08","guid":{"rendered":"https:\/\/ggba.swiss\/two-lausanne-based-start-ups-named-wef-technology-pioneers-in-2025\/"},"modified":"2025-06-30T15:41:39","modified_gmt":"2025-06-30T13:41:39","slug":"deux-start-ups-lausannoises-nommees-technology-pioneers-par-le-wef-en-2025","status":"publish","type":"post","link":"https:\/\/ggba.swiss\/fr\/deux-start-ups-lausannoises-nommees-technology-pioneers-par-le-wef-en-2025\/","title":{"rendered":"Deux start-ups lausannoises nomm\u00e9es \u00ab Technology Pioneers \u00bb par le WEF en 2025"},"content":{"rendered":"\n<p>C\u00e9l\u00e9brant cette ann\u00e9e son 25\u00e8me anniversaire, le <a href=\"https:\/\/www.weforum.org\/stories\/2025\/06\/2025-technology-pioneers\/\">programme \u00ab Technology Pioneers \u00bb du WEF<\/a> r\u00e9compense les entreprises qui d\u00e9veloppent des technologies susceptibles de transformer les industries et d&rsquo;am\u00e9liorer la vie des gens. La promotion 2025 comprend 100 start-ups issues de 28 pays, dont beaucoup exploitent l&rsquo;intelligence artificielle pour accro\u00eetre leur impact tout en pr\u00e9servant les ressources. Les entreprises s\u00e9lectionn\u00e9es travaillent dans des domaines tels que la robotique, l&rsquo;IA spatiale et l&rsquo;informatique quantique accessible.<\/p>\n\n\n\n<p>La Suisse est repr\u00e9sent\u00e9e cette ann\u00e9e par deux entreprises bas\u00e9es \u00e0 Lausanne :<\/p>\n\n\n\n<p><a href=\"https:\/\/www.hayatx.com\/\">HAYA Therapeutics<\/a>, dont le si\u00e8ge est situ\u00e9 au Biop\u00f4le, d\u00e9veloppe une nouvelle classe de m\u00e9dicaments de pr\u00e9cision qui ciblent le g\u00e9nome r\u00e9gulateur, souvent d\u00e9crit comme la \u00ab mati\u00e8re noire \u00bb de l&rsquo;ADN. Son principal candidat, HTX-001, vise \u00e0 traiter la cardiomyopathie hypertrophique non obstructive. Les essais cliniques devraient d\u00e9buter apr\u00e8s une <a href=\"https:\/\/ggba.swiss\/fr\/haya-therapeutics-leve-usd-65-millions-pour-developper-des-therapies-pour-le-traitement-des-maladies-chroniques\/\">lev\u00e9e de fonds de USD 65 millions en s\u00e9rie A cl\u00f4tur\u00e9e en mai 2025<\/a>. La plateforme guid\u00e9e par l&rsquo;ARN de HAYA est con\u00e7ue pour reprogrammer les \u00e9tats cellulaires \u00e0 l&rsquo;origine de maladies, offrant des applications potentielles dans le domaine des maladies chroniques et li\u00e9es \u00e0 l&rsquo;\u00e2ge, au-del\u00e0 de la cardiologie.<\/p>\n\n\n\n<p><a href=\"https:\/\/www.neuralconcept.com\/\">Neural Concept<\/a>, une spin-off de l&rsquo;EPFL, a d\u00e9velopp\u00e9 une plateforme de deep learning qui acc\u00e9l\u00e8re les processus de conception technique. Son logiciel, Neural Concept Shape, utilise <a href=\"https:\/\/ggba.swiss\/fr\/neural-concept-pret-a-remplacer-la-simulation-en-ingenierie-par-lia\/\">l&rsquo;IA pour remplacer les workflows de simulation traditionnels<\/a>, r\u00e9duisant ainsi le temps de conception dans des secteurs tels que l&rsquo;a\u00e9rospatiale et l&rsquo;automobile. Avec des clients allant de Plastic Omnium \u00e0 plusieurs \u00e9curies de Formule 1, l&rsquo;entreprise a connu une croissance rapide et a \u00e9tendu son \u00e9quipe \u00e0 travers l&rsquo;Europe et les \u00c9tats-Unis. Sa technologie permet un d\u00e9veloppement de produits plus rapide et plus efficace tout en r\u00e9duisant les besoins en ressources informatiques.<\/p>\n\n\n\n<p>Ces deux entreprises refl\u00e8tent la force d&rsquo;innovation de l&rsquo;\u00e9cosyst\u00e8me de la Suisse occidentale, qui abrite des institutions de recherche de premier plan, des talents et une culture collaborative propice aux start-ups. Leur inclusion dans le prestigieux programme du WEF t\u00e9moigne une fois de plus de l&#8217;empreinte mondiale croissante de la r\u00e9gion dans les domaines de pointe que sont les biotechnologies et l&rsquo;IA.<\/p>\n\n\n\n<p>Depuis l&rsquo;an 2000, plus de 1&rsquo;200 entreprises ont rejoint la communaut\u00e9 des Technology Pioneers. Beaucoup d&rsquo;entre elles sont devenues des acteurs cl\u00e9s dans leur secteur, tirant parti de la plateforme pour gagner en visibilit\u00e9, nouer des partenariats et acqu\u00e9rir une influence mondiale.<\/p>\n","protected":false},"excerpt":{"rendered":"<p>Deux start-ups \u00e0 fort potentiel de Suisse occidentale, HAYA Therapeutics et Neural Concept, ont \u00e9t\u00e9 nomm\u00e9es parmi les 100 \u00ab Technology Pioneers \u00bb du World Economic Forum en 2025.<\/p>\n","protected":false},"author":6,"featured_media":34216,"comment_status":"open","ping_status":"open","sticky":false,"template":"","format":"standard","meta":{"_acf_changed":false,"inline_featured_image":false,"mc4wp_mailchimp_campaign":[],"footnotes":""},"categories":[845],"tags":[1179,1183,1169,1197,1188,1140,1171,1142,1168],"class_list":["post-34219","post","type-post","status-publish","format-standard","has-post-thumbnail","hentry","category-tech","tag-artificial-intelligence-fr-2","tag-big-data-en-fr","tag-biotech-fr-2","tag-engineering-fr-2","tag-healthcare-fr-2","tag-oncology-fr-2","tag-pharma-fr-2","tag-rd-fr-2","tag-technology-park-fr-2"],"acf":[],"yoast_head":"<!-- This site is optimized with the Yoast SEO plugin v27.2 - https:\/\/yoast.com\/product\/yoast-seo-wordpress\/ -->\n<title>HAYA et Neural Concept nomm\u00e9es Technology Pioneers en 2025<\/title>\n<meta name=\"description\" content=\"HAYA Therapeutics et Neural Concept, ont \u00e9t\u00e9 nomm\u00e9es parmi les 100 \u00ab Technology Pioneers \u00bb du World Economic Forum en 2025.\" \/>\n<meta name=\"robots\" content=\"index, follow, max-snippet:-1, max-image-preview:large, max-video-preview:-1\" \/>\n<link rel=\"canonical\" href=\"https:\/\/ggba.swiss\/fr\/deux-start-ups-lausannoises-nommees-technology-pioneers-par-le-wef-en-2025\/\" \/>\n<meta property=\"og:locale\" content=\"fr_FR\" \/>\n<meta property=\"og:type\" content=\"article\" \/>\n<meta property=\"og:title\" content=\"HAYA et Neural Concept nomm\u00e9es Technology Pioneers en 2025\" \/>\n<meta property=\"og:description\" content=\"HAYA Therapeutics et Neural Concept, ont \u00e9t\u00e9 nomm\u00e9es parmi les 100 \u00ab Technology Pioneers \u00bb du World Economic Forum en 2025.\" \/>\n<meta property=\"og:url\" content=\"https:\/\/ggba.swiss\/fr\/deux-start-ups-lausannoises-nommees-technology-pioneers-par-le-wef-en-2025\/\" \/>\n<meta property=\"og:site_name\" content=\"Greater Geneva Bern area\" \/>\n<meta property=\"article:published_time\" content=\"2025-06-30T13:39:08+00:00\" \/>\n<meta property=\"article:modified_time\" content=\"2025-06-30T13:41:39+00:00\" \/>\n<meta property=\"og:image\" content=\"https:\/\/ggba.swiss\/app\/uploads\/2025\/06\/WEF-Technology-Pioneers-1180x811-1.jpg\" \/>\n\t<meta property=\"og:image:width\" content=\"1180\" \/>\n\t<meta property=\"og:image:height\" content=\"811\" \/>\n\t<meta property=\"og:image:type\" content=\"image\/jpeg\" \/>\n<meta name=\"author\" content=\"Pierre-Yves Oehrli\" \/>\n<meta name=\"twitter:card\" content=\"summary_large_image\" \/>\n<meta name=\"twitter:label1\" content=\"\u00c9crit par\" \/>\n\t<meta name=\"twitter:data1\" content=\"Pierre-Yves Oehrli\" \/>\n\t<meta name=\"twitter:label2\" content=\"Dur\u00e9e de lecture estim\u00e9e\" \/>\n\t<meta name=\"twitter:data2\" content=\"2 minutes\" \/>\n<script type=\"application\/ld+json\" class=\"yoast-schema-graph\">{\"@context\":\"https:\/\/schema.org\",\"@graph\":[{\"@type\":\"Article\",\"@id\":\"https:\/\/ggba.swiss\/fr\/deux-start-ups-lausannoises-nommees-technology-pioneers-par-le-wef-en-2025\/#article\",\"isPartOf\":{\"@id\":\"https:\/\/ggba.swiss\/fr\/deux-start-ups-lausannoises-nommees-technology-pioneers-par-le-wef-en-2025\/\"},\"author\":{\"name\":\"Pierre-Yves Oehrli\",\"@id\":\"https:\/\/staging.ggba.swiss\/en\/#\/schema\/person\/0b2e6d04131e3d01237dcb741fa33d41\"},\"headline\":\"Deux start-ups lausannoises nomm\u00e9es \u00ab Technology Pioneers \u00bb par le WEF en 2025\",\"datePublished\":\"2025-06-30T13:39:08+00:00\",\"dateModified\":\"2025-06-30T13:41:39+00:00\",\"mainEntityOfPage\":{\"@id\":\"https:\/\/ggba.swiss\/fr\/deux-start-ups-lausannoises-nommees-technology-pioneers-par-le-wef-en-2025\/\"},\"wordCount\":446,\"commentCount\":0,\"image\":{\"@id\":\"https:\/\/ggba.swiss\/fr\/deux-start-ups-lausannoises-nommees-technology-pioneers-par-le-wef-en-2025\/#primaryimage\"},\"thumbnailUrl\":\"https:\/\/ggba.swiss\/app\/uploads\/2025\/06\/WEF-Technology-Pioneers-1180x811-1.jpg\",\"keywords\":[\"Artificial Intelligence\",\"Big Data\",\"Biotech\",\"Engineering\",\"Healthcare\",\"Oncology\",\"Pharma\",\"R&amp;D\",\"Technology Park\"],\"articleSection\":[\"Tech\"],\"inLanguage\":\"fr-FR\",\"potentialAction\":[{\"@type\":\"CommentAction\",\"name\":\"Comment\",\"target\":[\"https:\/\/ggba.swiss\/fr\/deux-start-ups-lausannoises-nommees-technology-pioneers-par-le-wef-en-2025\/#respond\"]}]},{\"@type\":\"WebPage\",\"@id\":\"https:\/\/ggba.swiss\/fr\/deux-start-ups-lausannoises-nommees-technology-pioneers-par-le-wef-en-2025\/\",\"url\":\"https:\/\/ggba.swiss\/fr\/deux-start-ups-lausannoises-nommees-technology-pioneers-par-le-wef-en-2025\/\",\"name\":\"HAYA et Neural Concept nomm\u00e9es Technology Pioneers en 2025\",\"isPartOf\":{\"@id\":\"https:\/\/staging.ggba.swiss\/en\/#website\"},\"primaryImageOfPage\":{\"@id\":\"https:\/\/ggba.swiss\/fr\/deux-start-ups-lausannoises-nommees-technology-pioneers-par-le-wef-en-2025\/#primaryimage\"},\"image\":{\"@id\":\"https:\/\/ggba.swiss\/fr\/deux-start-ups-lausannoises-nommees-technology-pioneers-par-le-wef-en-2025\/#primaryimage\"},\"thumbnailUrl\":\"https:\/\/ggba.swiss\/app\/uploads\/2025\/06\/WEF-Technology-Pioneers-1180x811-1.jpg\",\"datePublished\":\"2025-06-30T13:39:08+00:00\",\"dateModified\":\"2025-06-30T13:41:39+00:00\",\"author\":{\"@id\":\"https:\/\/staging.ggba.swiss\/en\/#\/schema\/person\/0b2e6d04131e3d01237dcb741fa33d41\"},\"description\":\"HAYA Therapeutics et Neural Concept, ont \u00e9t\u00e9 nomm\u00e9es parmi les 100 \u00ab Technology Pioneers \u00bb du World Economic Forum en 2025.\",\"breadcrumb\":{\"@id\":\"https:\/\/ggba.swiss\/fr\/deux-start-ups-lausannoises-nommees-technology-pioneers-par-le-wef-en-2025\/#breadcrumb\"},\"inLanguage\":\"fr-FR\",\"potentialAction\":[{\"@type\":\"ReadAction\",\"target\":[\"https:\/\/ggba.swiss\/fr\/deux-start-ups-lausannoises-nommees-technology-pioneers-par-le-wef-en-2025\/\"]}]},{\"@type\":\"ImageObject\",\"inLanguage\":\"fr-FR\",\"@id\":\"https:\/\/ggba.swiss\/fr\/deux-start-ups-lausannoises-nommees-technology-pioneers-par-le-wef-en-2025\/#primaryimage\",\"url\":\"https:\/\/ggba.swiss\/app\/uploads\/2025\/06\/WEF-Technology-Pioneers-1180x811-1.jpg\",\"contentUrl\":\"https:\/\/ggba.swiss\/app\/uploads\/2025\/06\/WEF-Technology-Pioneers-1180x811-1.jpg\",\"width\":1180,\"height\":811,\"caption\":\"Le programme \u00ab Technology Pioneers 2025 \u00bb du Forum \u00e9conomique mondial met en avant 100 start-ups qui fa\u00e7onnent l'avenir, dont deux en provenance du canton de Vaud. | \u00a9 World Economic Forum\"},{\"@type\":\"BreadcrumbList\",\"@id\":\"https:\/\/ggba.swiss\/fr\/deux-start-ups-lausannoises-nommees-technology-pioneers-par-le-wef-en-2025\/#breadcrumb\",\"itemListElement\":[{\"@type\":\"ListItem\",\"position\":1,\"name\":\"Home\",\"item\":\"https:\/\/ggba.swiss\/fr\/\"},{\"@type\":\"ListItem\",\"position\":2,\"name\":\"Deux start-ups lausannoises nomm\u00e9es \u00ab Technology Pioneers \u00bb par le WEF en 2025\"}]},{\"@type\":\"WebSite\",\"@id\":\"https:\/\/staging.ggba.swiss\/en\/#website\",\"url\":\"https:\/\/staging.ggba.swiss\/en\/\",\"name\":\"Greater Geneva Bern area\",\"description\":\"\",\"potentialAction\":[{\"@type\":\"SearchAction\",\"target\":{\"@type\":\"EntryPoint\",\"urlTemplate\":\"https:\/\/staging.ggba.swiss\/en\/?s={search_term_string}\"},\"query-input\":{\"@type\":\"PropertyValueSpecification\",\"valueRequired\":true,\"valueName\":\"search_term_string\"}}],\"inLanguage\":\"fr-FR\"},{\"@type\":\"Person\",\"@id\":\"https:\/\/staging.ggba.swiss\/en\/#\/schema\/person\/0b2e6d04131e3d01237dcb741fa33d41\",\"name\":\"Pierre-Yves Oehrli\",\"url\":\"https:\/\/ggba.swiss\/fr\/author\/pierre-yves-oehrli\/\"}]}<\/script>\n<!-- \/ Yoast SEO plugin. -->","yoast_head_json":{"title":"HAYA et Neural Concept nomm\u00e9es Technology Pioneers en 2025","description":"HAYA Therapeutics et Neural Concept, ont \u00e9t\u00e9 nomm\u00e9es parmi les 100 \u00ab Technology Pioneers \u00bb du World Economic Forum en 2025.","robots":{"index":"index","follow":"follow","max-snippet":"max-snippet:-1","max-image-preview":"max-image-preview:large","max-video-preview":"max-video-preview:-1"},"canonical":"https:\/\/ggba.swiss\/fr\/deux-start-ups-lausannoises-nommees-technology-pioneers-par-le-wef-en-2025\/","og_locale":"fr_FR","og_type":"article","og_title":"HAYA et Neural Concept nomm\u00e9es Technology Pioneers en 2025","og_description":"HAYA Therapeutics et Neural Concept, ont \u00e9t\u00e9 nomm\u00e9es parmi les 100 \u00ab Technology Pioneers \u00bb du World Economic Forum en 2025.","og_url":"https:\/\/ggba.swiss\/fr\/deux-start-ups-lausannoises-nommees-technology-pioneers-par-le-wef-en-2025\/","og_site_name":"Greater Geneva Bern area","article_published_time":"2025-06-30T13:39:08+00:00","article_modified_time":"2025-06-30T13:41:39+00:00","og_image":[{"width":1180,"height":811,"url":"https:\/\/ggba.swiss\/app\/uploads\/2025\/06\/WEF-Technology-Pioneers-1180x811-1.jpg","type":"image\/jpeg"}],"author":"Pierre-Yves Oehrli","twitter_card":"summary_large_image","twitter_misc":{"\u00c9crit par":"Pierre-Yves Oehrli","Dur\u00e9e de lecture estim\u00e9e":"2 minutes"},"schema":{"@context":"https:\/\/schema.org","@graph":[{"@type":"Article","@id":"https:\/\/ggba.swiss\/fr\/deux-start-ups-lausannoises-nommees-technology-pioneers-par-le-wef-en-2025\/#article","isPartOf":{"@id":"https:\/\/ggba.swiss\/fr\/deux-start-ups-lausannoises-nommees-technology-pioneers-par-le-wef-en-2025\/"},"author":{"name":"Pierre-Yves Oehrli","@id":"https:\/\/staging.ggba.swiss\/en\/#\/schema\/person\/0b2e6d04131e3d01237dcb741fa33d41"},"headline":"Deux start-ups lausannoises nomm\u00e9es \u00ab Technology Pioneers \u00bb par le WEF en 2025","datePublished":"2025-06-30T13:39:08+00:00","dateModified":"2025-06-30T13:41:39+00:00","mainEntityOfPage":{"@id":"https:\/\/ggba.swiss\/fr\/deux-start-ups-lausannoises-nommees-technology-pioneers-par-le-wef-en-2025\/"},"wordCount":446,"commentCount":0,"image":{"@id":"https:\/\/ggba.swiss\/fr\/deux-start-ups-lausannoises-nommees-technology-pioneers-par-le-wef-en-2025\/#primaryimage"},"thumbnailUrl":"https:\/\/ggba.swiss\/app\/uploads\/2025\/06\/WEF-Technology-Pioneers-1180x811-1.jpg","keywords":["Artificial Intelligence","Big Data","Biotech","Engineering","Healthcare","Oncology","Pharma","R&amp;D","Technology Park"],"articleSection":["Tech"],"inLanguage":"fr-FR","potentialAction":[{"@type":"CommentAction","name":"Comment","target":["https:\/\/ggba.swiss\/fr\/deux-start-ups-lausannoises-nommees-technology-pioneers-par-le-wef-en-2025\/#respond"]}]},{"@type":"WebPage","@id":"https:\/\/ggba.swiss\/fr\/deux-start-ups-lausannoises-nommees-technology-pioneers-par-le-wef-en-2025\/","url":"https:\/\/ggba.swiss\/fr\/deux-start-ups-lausannoises-nommees-technology-pioneers-par-le-wef-en-2025\/","name":"HAYA et Neural Concept nomm\u00e9es Technology Pioneers en 2025","isPartOf":{"@id":"https:\/\/staging.ggba.swiss\/en\/#website"},"primaryImageOfPage":{"@id":"https:\/\/ggba.swiss\/fr\/deux-start-ups-lausannoises-nommees-technology-pioneers-par-le-wef-en-2025\/#primaryimage"},"image":{"@id":"https:\/\/ggba.swiss\/fr\/deux-start-ups-lausannoises-nommees-technology-pioneers-par-le-wef-en-2025\/#primaryimage"},"thumbnailUrl":"https:\/\/ggba.swiss\/app\/uploads\/2025\/06\/WEF-Technology-Pioneers-1180x811-1.jpg","datePublished":"2025-06-30T13:39:08+00:00","dateModified":"2025-06-30T13:41:39+00:00","author":{"@id":"https:\/\/staging.ggba.swiss\/en\/#\/schema\/person\/0b2e6d04131e3d01237dcb741fa33d41"},"description":"HAYA Therapeutics et Neural Concept, ont \u00e9t\u00e9 nomm\u00e9es parmi les 100 \u00ab Technology Pioneers \u00bb du World Economic Forum en 2025.","breadcrumb":{"@id":"https:\/\/ggba.swiss\/fr\/deux-start-ups-lausannoises-nommees-technology-pioneers-par-le-wef-en-2025\/#breadcrumb"},"inLanguage":"fr-FR","potentialAction":[{"@type":"ReadAction","target":["https:\/\/ggba.swiss\/fr\/deux-start-ups-lausannoises-nommees-technology-pioneers-par-le-wef-en-2025\/"]}]},{"@type":"ImageObject","inLanguage":"fr-FR","@id":"https:\/\/ggba.swiss\/fr\/deux-start-ups-lausannoises-nommees-technology-pioneers-par-le-wef-en-2025\/#primaryimage","url":"https:\/\/ggba.swiss\/app\/uploads\/2025\/06\/WEF-Technology-Pioneers-1180x811-1.jpg","contentUrl":"https:\/\/ggba.swiss\/app\/uploads\/2025\/06\/WEF-Technology-Pioneers-1180x811-1.jpg","width":1180,"height":811,"caption":"Le programme \u00ab Technology Pioneers 2025 \u00bb du Forum \u00e9conomique mondial met en avant 100 start-ups qui fa\u00e7onnent l'avenir, dont deux en provenance du canton de Vaud. | \u00a9 World Economic Forum"},{"@type":"BreadcrumbList","@id":"https:\/\/ggba.swiss\/fr\/deux-start-ups-lausannoises-nommees-technology-pioneers-par-le-wef-en-2025\/#breadcrumb","itemListElement":[{"@type":"ListItem","position":1,"name":"Home","item":"https:\/\/ggba.swiss\/fr\/"},{"@type":"ListItem","position":2,"name":"Deux start-ups lausannoises nomm\u00e9es \u00ab Technology Pioneers \u00bb par le WEF en 2025"}]},{"@type":"WebSite","@id":"https:\/\/staging.ggba.swiss\/en\/#website","url":"https:\/\/staging.ggba.swiss\/en\/","name":"Greater Geneva Bern area","description":"","potentialAction":[{"@type":"SearchAction","target":{"@type":"EntryPoint","urlTemplate":"https:\/\/staging.ggba.swiss\/en\/?s={search_term_string}"},"query-input":{"@type":"PropertyValueSpecification","valueRequired":true,"valueName":"search_term_string"}}],"inLanguage":"fr-FR"},{"@type":"Person","@id":"https:\/\/staging.ggba.swiss\/en\/#\/schema\/person\/0b2e6d04131e3d01237dcb741fa33d41","name":"Pierre-Yves Oehrli","url":"https:\/\/ggba.swiss\/fr\/author\/pierre-yves-oehrli\/"}]}},"_links":{"self":[{"href":"https:\/\/ggba.swiss\/fr\/wp-json\/wp\/v2\/posts\/34219","targetHints":{"allow":["GET"]}}],"collection":[{"href":"https:\/\/ggba.swiss\/fr\/wp-json\/wp\/v2\/posts"}],"about":[{"href":"https:\/\/ggba.swiss\/fr\/wp-json\/wp\/v2\/types\/post"}],"author":[{"embeddable":true,"href":"https:\/\/ggba.swiss\/fr\/wp-json\/wp\/v2\/users\/6"}],"replies":[{"embeddable":true,"href":"https:\/\/ggba.swiss\/fr\/wp-json\/wp\/v2\/comments?post=34219"}],"version-history":[{"count":1,"href":"https:\/\/ggba.swiss\/fr\/wp-json\/wp\/v2\/posts\/34219\/revisions"}],"predecessor-version":[{"id":34221,"href":"https:\/\/ggba.swiss\/fr\/wp-json\/wp\/v2\/posts\/34219\/revisions\/34221"}],"wp:featuredmedia":[{"embeddable":true,"href":"https:\/\/ggba.swiss\/fr\/wp-json\/wp\/v2\/media\/34216"}],"wp:attachment":[{"href":"https:\/\/ggba.swiss\/fr\/wp-json\/wp\/v2\/media?parent=34219"}],"wp:term":[{"taxonomy":"category","embeddable":true,"href":"https:\/\/ggba.swiss\/fr\/wp-json\/wp\/v2\/categories?post=34219"},{"taxonomy":"post_tag","embeddable":true,"href":"https:\/\/ggba.swiss\/fr\/wp-json\/wp\/v2\/tags?post=34219"}],"curies":[{"name":"wp","href":"https:\/\/api.w.org\/{rel}","templated":true}]}}