{"id":34817,"date":"2025-08-05T10:59:19","date_gmt":"2025-08-05T08:59:19","guid":{"rendered":"https:\/\/ggba.swiss\/planetary-brings-mycoprotein-based-chicken-filet-to-242-aldi-stores-across-switzerland\/"},"modified":"2025-08-05T11:01:35","modified_gmt":"2025-08-05T09:01:35","slug":"planetary-lance-un-filet-vegetarien-a-base-de-mycoproteine-dans-242-magasins-aldi-en-suisse","status":"publish","type":"post","link":"https:\/\/ggba.swiss\/fr\/planetary-lance-un-filet-vegetarien-a-base-de-mycoproteine-dans-242-magasins-aldi-en-suisse\/","title":{"rendered":"Planetary lance un filet v\u00e9g\u00e9tarien \u00e0 base de mycoprot\u00e9ine dans 242 magasins Aldi en Suisse"},"content":{"rendered":"\n<p>La scale-up <a href=\"https:\/\/www.planetarygroup.ch\/mycoprotein\">Planetary<\/a> franchit une nouvelle \u00e9tape dans l\u2019innovation alimentaire durable avec le lancement \u00e0 l\u2019\u00e9chelle nationale d\u2019un filet v\u00e9g\u00e9tarien \u00e0 base de mycoprot\u00e9ine via Aldi Suisse. Le produit, commercialis\u00e9 sous la marque MyVay Gourmet Filet, est d\u00e9sormais disponible dans l\u2019ensemble des 242 magasins Aldi du pays. Il s\u2019agit du premier produit \u00e0 base de mycoprot\u00e9ine introduit \u00e0 l\u2019\u00e9chelle nationale par l\u2019enseigne.<\/p>\n\n\n\n<p>Mis au point en collaboration avec Planetary et sa filiale espagnole r\u00e9cemment acquise Libre Foods, le MyVay Gourmet Filet est fabriqu\u00e9 \u00e0 l\u2019aide de la plateforme de fermentation propri\u00e9taire de Planetary. L\u2019ingr\u00e9dient central, la mycoprot\u00e9ine Libre, est une prot\u00e9ine fongique obtenue par fermentation industrielle de biomasse sur le site d\u2019Aarberg, seule installation commerciale de mycoprot\u00e9ine en Europe continentale.<\/p>\n\n\n\n<p>Le produit illustre une approche minimaliste de l\u2019innovation alimentaire \u00ab&nbsp;clean label&nbsp;\u00bb, avec une liste d\u2019ingr\u00e9dients courte : mycoprot\u00e9ine, blanc d\u2019\u0153uf, huile de tournesol et ar\u00f4mes naturels. Riche en prot\u00e9ines et en fibres, pauvre en graisses satur\u00e9es et sans additifs artificiels, le Gourmet Filet offre une texture proche de la viande tout en \u00e9tant vendu au m\u00eame prix que le poulet conventionnel, une \u00e9tape cl\u00e9 vers l\u2019adoption des prot\u00e9ines durables par les consommateurs.<\/p>\n\n\n\n<p>Pr\u00e9sent\u00e9 initialement sur la plateforme d\u2019innovation <a href=\"https:\/\/swissfoodnutritionvalley.com\/retail-shelf\/\">The Retail Shelf<\/a>, organis\u00e9e par Swiss Food &amp; Nutrition Valley et Aldi Suisse, le produit a \u00e9t\u00e9 lanc\u00e9 comme r\u00e9f\u00e9rence permanente en juillet 2025 apr\u00e8s des retours positifs.<\/p>\n\n\n\n<p>\u00ab Cette collaboration avec Aldi prouve que les prot\u00e9ines durables peuvent rivaliser avec la viande d\u2019origine animale en mati\u00e8re de prix, de go\u00fbt et de texture \u00bb, explique David Brandes, CEO de Planetary. \u00ab Nous avons con\u00e7u le Gourmet Filet pour qu\u2019il soit simple, peu transform\u00e9, et surtout agr\u00e9able \u00e0 consommer. \u00bb<\/p>\n\n\n\n<p>Planetary conna\u00eet une forte croissance depuis un an. En janvier 2025, <a href=\"https:\/\/ggba.swiss\/fr\/royal-cosun-investit-chf-3-millions-dans-planetary-pour-developper-la-fermentation-durable\/\">la coop\u00e9rative agricole n\u00e9erlandaise Royal Cosun a investi CHF 3 millions dans l\u2019entreprise<\/a>, et en 2024, Planetary a nou\u00e9 <a href=\"https:\/\/ggba.swiss\/fr\/planetary-collabore-avec-konica-minolta-pour-ameliorer-la-fermentation-microbienne\/\">un partenariat strat\u00e9gique avec Konica Minolta<\/a> pour int\u00e9grer des solutions de surveillance des proc\u00e9d\u00e9s pilot\u00e9es par l\u2019IA dans ses syst\u00e8mes de fermentation. Libre Foods agit d\u00e9sormais comme division B2B de Planetary pour les ingr\u00e9dients alimentaires, tandis que l\u2019entreprise pr\u00e9voit d\u2019\u00e9largir sa gamme de substituts de viande et de produits laitiers en Suisse et en Europe.<\/p>\n","protected":false},"excerpt":{"rendered":"<p>La foodtech genevoise Planetary s\u2019associe \u00e0 Aldi Suisse pour commercialiser un filet de poulet v\u00e9g\u00e9tarien \u00e0 base de mycoprot\u00e9ine ferment\u00e9e, d\u00e9sormais disponible dans 242 magasins \u00e0 travers le pays.<\/p>\n","protected":false},"author":6,"featured_media":34814,"comment_status":"open","ping_status":"open","sticky":false,"template":"","format":"standard","meta":{"_acf_changed":false,"inline_featured_image":false,"mc4wp_mailchimp_campaign":[],"footnotes":""},"categories":[847],"tags":[1165,1166,1145],"class_list":["post-34817","post","type-post","status-publish","format-standard","has-post-thumbnail","hentry","category-agroalimentaire","tag-agritech-fr-2","tag-food-beverages-fr-2","tag-foodtech-fr-2"],"acf":[],"yoast_head":"<!-- This site is optimized with the Yoast SEO plugin v27.2 - https:\/\/yoast.com\/product\/yoast-seo-wordpress\/ -->\n<title>Planetary lance un filet v\u00e9g\u00e9tarien \u00e0 base de mycoprot\u00e9ine | GGBa<\/title>\n<meta name=\"description\" content=\"Planetary s\u2019associe \u00e0 Aldi Suisse pour commercialiser un filet de poulet v\u00e9g\u00e9tarien \u00e0 base de mycoprot\u00e9ine ferment\u00e9e.\" \/>\n<meta name=\"robots\" content=\"index, follow, max-snippet:-1, max-image-preview:large, max-video-preview:-1\" \/>\n<link rel=\"canonical\" href=\"https:\/\/ggba.swiss\/fr\/planetary-lance-un-filet-vegetarien-a-base-de-mycoproteine-dans-242-magasins-aldi-en-suisse\/\" \/>\n<meta property=\"og:locale\" content=\"fr_FR\" \/>\n<meta property=\"og:type\" content=\"article\" \/>\n<meta property=\"og:title\" content=\"Planetary lance un filet v\u00e9g\u00e9tarien \u00e0 base de mycoprot\u00e9ine | GGBa\" \/>\n<meta property=\"og:description\" content=\"Planetary s\u2019associe \u00e0 Aldi Suisse pour commercialiser un filet de poulet v\u00e9g\u00e9tarien \u00e0 base de mycoprot\u00e9ine ferment\u00e9e.\" \/>\n<meta property=\"og:url\" content=\"https:\/\/ggba.swiss\/fr\/planetary-lance-un-filet-vegetarien-a-base-de-mycoproteine-dans-242-magasins-aldi-en-suisse\/\" \/>\n<meta property=\"og:site_name\" content=\"Greater Geneva Bern area\" \/>\n<meta property=\"article:published_time\" content=\"2025-08-05T08:59:19+00:00\" \/>\n<meta property=\"article:modified_time\" content=\"2025-08-05T09:01:35+00:00\" \/>\n<meta property=\"og:image\" content=\"https:\/\/ggba.swiss\/app\/uploads\/2025\/08\/Planetary-Gourmet-Filet-1180x811-1.jpeg\" \/>\n\t<meta property=\"og:image:width\" content=\"1180\" \/>\n\t<meta property=\"og:image:height\" content=\"811\" \/>\n\t<meta property=\"og:image:type\" content=\"image\/jpeg\" \/>\n<meta name=\"author\" content=\"Pierre-Yves Oehrli\" \/>\n<meta name=\"twitter:card\" content=\"summary_large_image\" \/>\n<meta name=\"twitter:label1\" content=\"\u00c9crit par\" \/>\n\t<meta name=\"twitter:data1\" content=\"Pierre-Yves Oehrli\" \/>\n\t<meta name=\"twitter:label2\" content=\"Dur\u00e9e de lecture estim\u00e9e\" \/>\n\t<meta name=\"twitter:data2\" content=\"2 minutes\" \/>\n<script type=\"application\/ld+json\" class=\"yoast-schema-graph\">{\"@context\":\"https:\/\/schema.org\",\"@graph\":[{\"@type\":\"Article\",\"@id\":\"https:\/\/ggba.swiss\/fr\/planetary-lance-un-filet-vegetarien-a-base-de-mycoproteine-dans-242-magasins-aldi-en-suisse\/#article\",\"isPartOf\":{\"@id\":\"https:\/\/ggba.swiss\/fr\/planetary-lance-un-filet-vegetarien-a-base-de-mycoproteine-dans-242-magasins-aldi-en-suisse\/\"},\"author\":{\"name\":\"Pierre-Yves Oehrli\",\"@id\":\"https:\/\/staging.ggba.swiss\/en\/#\/schema\/person\/0b2e6d04131e3d01237dcb741fa33d41\"},\"headline\":\"Planetary lance un filet v\u00e9g\u00e9tarien \u00e0 base de mycoprot\u00e9ine dans 242 magasins Aldi en Suisse\",\"datePublished\":\"2025-08-05T08:59:19+00:00\",\"dateModified\":\"2025-08-05T09:01:35+00:00\",\"mainEntityOfPage\":{\"@id\":\"https:\/\/ggba.swiss\/fr\/planetary-lance-un-filet-vegetarien-a-base-de-mycoproteine-dans-242-magasins-aldi-en-suisse\/\"},\"wordCount\":427,\"commentCount\":0,\"image\":{\"@id\":\"https:\/\/ggba.swiss\/fr\/planetary-lance-un-filet-vegetarien-a-base-de-mycoproteine-dans-242-magasins-aldi-en-suisse\/#primaryimage\"},\"thumbnailUrl\":\"https:\/\/ggba.swiss\/app\/uploads\/2025\/08\/Planetary-Gourmet-Filet-1180x811-1.jpeg\",\"keywords\":[\"Agritech\",\"Food &amp; Beverages\",\"FoodTech\"],\"articleSection\":[\"Agro-alimentaire\"],\"inLanguage\":\"fr-FR\",\"potentialAction\":[{\"@type\":\"CommentAction\",\"name\":\"Comment\",\"target\":[\"https:\/\/ggba.swiss\/fr\/planetary-lance-un-filet-vegetarien-a-base-de-mycoproteine-dans-242-magasins-aldi-en-suisse\/#respond\"]}]},{\"@type\":\"WebPage\",\"@id\":\"https:\/\/ggba.swiss\/fr\/planetary-lance-un-filet-vegetarien-a-base-de-mycoproteine-dans-242-magasins-aldi-en-suisse\/\",\"url\":\"https:\/\/ggba.swiss\/fr\/planetary-lance-un-filet-vegetarien-a-base-de-mycoproteine-dans-242-magasins-aldi-en-suisse\/\",\"name\":\"Planetary lance un filet v\u00e9g\u00e9tarien \u00e0 base de mycoprot\u00e9ine | GGBa\",\"isPartOf\":{\"@id\":\"https:\/\/staging.ggba.swiss\/en\/#website\"},\"primaryImageOfPage\":{\"@id\":\"https:\/\/ggba.swiss\/fr\/planetary-lance-un-filet-vegetarien-a-base-de-mycoproteine-dans-242-magasins-aldi-en-suisse\/#primaryimage\"},\"image\":{\"@id\":\"https:\/\/ggba.swiss\/fr\/planetary-lance-un-filet-vegetarien-a-base-de-mycoproteine-dans-242-magasins-aldi-en-suisse\/#primaryimage\"},\"thumbnailUrl\":\"https:\/\/ggba.swiss\/app\/uploads\/2025\/08\/Planetary-Gourmet-Filet-1180x811-1.jpeg\",\"datePublished\":\"2025-08-05T08:59:19+00:00\",\"dateModified\":\"2025-08-05T09:01:35+00:00\",\"author\":{\"@id\":\"https:\/\/staging.ggba.swiss\/en\/#\/schema\/person\/0b2e6d04131e3d01237dcb741fa33d41\"},\"description\":\"Planetary s\u2019associe \u00e0 Aldi Suisse pour commercialiser un filet de poulet v\u00e9g\u00e9tarien \u00e0 base de mycoprot\u00e9ine ferment\u00e9e.\",\"breadcrumb\":{\"@id\":\"https:\/\/ggba.swiss\/fr\/planetary-lance-un-filet-vegetarien-a-base-de-mycoproteine-dans-242-magasins-aldi-en-suisse\/#breadcrumb\"},\"inLanguage\":\"fr-FR\",\"potentialAction\":[{\"@type\":\"ReadAction\",\"target\":[\"https:\/\/ggba.swiss\/fr\/planetary-lance-un-filet-vegetarien-a-base-de-mycoproteine-dans-242-magasins-aldi-en-suisse\/\"]}]},{\"@type\":\"ImageObject\",\"inLanguage\":\"fr-FR\",\"@id\":\"https:\/\/ggba.swiss\/fr\/planetary-lance-un-filet-vegetarien-a-base-de-mycoproteine-dans-242-magasins-aldi-en-suisse\/#primaryimage\",\"url\":\"https:\/\/ggba.swiss\/app\/uploads\/2025\/08\/Planetary-Gourmet-Filet-1180x811-1.jpeg\",\"contentUrl\":\"https:\/\/ggba.swiss\/app\/uploads\/2025\/08\/Planetary-Gourmet-Filet-1180x811-1.jpeg\",\"width\":1180,\"height\":811,\"caption\":\"D\u00e9velopp\u00e9 \u00e0 partir de la mycoprot\u00e9ine Libre de Planetary, le MyVay Gourmet Filet constitue une alternative durable et peu transform\u00e9e \u00e0 la viande, d\u00e9sormais commercialis\u00e9e dans toute la Suisse par Aldi. | \u00a9 Planetary\"},{\"@type\":\"BreadcrumbList\",\"@id\":\"https:\/\/ggba.swiss\/fr\/planetary-lance-un-filet-vegetarien-a-base-de-mycoproteine-dans-242-magasins-aldi-en-suisse\/#breadcrumb\",\"itemListElement\":[{\"@type\":\"ListItem\",\"position\":1,\"name\":\"Home\",\"item\":\"https:\/\/ggba.swiss\/fr\/\"},{\"@type\":\"ListItem\",\"position\":2,\"name\":\"Planetary lance un filet v\u00e9g\u00e9tarien \u00e0 base de mycoprot\u00e9ine dans 242 magasins Aldi en Suisse\"}]},{\"@type\":\"WebSite\",\"@id\":\"https:\/\/staging.ggba.swiss\/en\/#website\",\"url\":\"https:\/\/staging.ggba.swiss\/en\/\",\"name\":\"Greater Geneva Bern area\",\"description\":\"\",\"potentialAction\":[{\"@type\":\"SearchAction\",\"target\":{\"@type\":\"EntryPoint\",\"urlTemplate\":\"https:\/\/staging.ggba.swiss\/en\/?s={search_term_string}\"},\"query-input\":{\"@type\":\"PropertyValueSpecification\",\"valueRequired\":true,\"valueName\":\"search_term_string\"}}],\"inLanguage\":\"fr-FR\"},{\"@type\":\"Person\",\"@id\":\"https:\/\/staging.ggba.swiss\/en\/#\/schema\/person\/0b2e6d04131e3d01237dcb741fa33d41\",\"name\":\"Pierre-Yves Oehrli\",\"url\":\"https:\/\/ggba.swiss\/fr\/author\/pierre-yves-oehrli\/\"}]}<\/script>\n<!-- \/ Yoast SEO plugin. -->","yoast_head_json":{"title":"Planetary lance un filet v\u00e9g\u00e9tarien \u00e0 base de mycoprot\u00e9ine | GGBa","description":"Planetary s\u2019associe \u00e0 Aldi Suisse pour commercialiser un filet de poulet v\u00e9g\u00e9tarien \u00e0 base de mycoprot\u00e9ine ferment\u00e9e.","robots":{"index":"index","follow":"follow","max-snippet":"max-snippet:-1","max-image-preview":"max-image-preview:large","max-video-preview":"max-video-preview:-1"},"canonical":"https:\/\/ggba.swiss\/fr\/planetary-lance-un-filet-vegetarien-a-base-de-mycoproteine-dans-242-magasins-aldi-en-suisse\/","og_locale":"fr_FR","og_type":"article","og_title":"Planetary lance un filet v\u00e9g\u00e9tarien \u00e0 base de mycoprot\u00e9ine | GGBa","og_description":"Planetary s\u2019associe \u00e0 Aldi Suisse pour commercialiser un filet de poulet v\u00e9g\u00e9tarien \u00e0 base de mycoprot\u00e9ine ferment\u00e9e.","og_url":"https:\/\/ggba.swiss\/fr\/planetary-lance-un-filet-vegetarien-a-base-de-mycoproteine-dans-242-magasins-aldi-en-suisse\/","og_site_name":"Greater Geneva Bern area","article_published_time":"2025-08-05T08:59:19+00:00","article_modified_time":"2025-08-05T09:01:35+00:00","og_image":[{"width":1180,"height":811,"url":"https:\/\/ggba.swiss\/app\/uploads\/2025\/08\/Planetary-Gourmet-Filet-1180x811-1.jpeg","type":"image\/jpeg"}],"author":"Pierre-Yves Oehrli","twitter_card":"summary_large_image","twitter_misc":{"\u00c9crit par":"Pierre-Yves Oehrli","Dur\u00e9e de lecture estim\u00e9e":"2 minutes"},"schema":{"@context":"https:\/\/schema.org","@graph":[{"@type":"Article","@id":"https:\/\/ggba.swiss\/fr\/planetary-lance-un-filet-vegetarien-a-base-de-mycoproteine-dans-242-magasins-aldi-en-suisse\/#article","isPartOf":{"@id":"https:\/\/ggba.swiss\/fr\/planetary-lance-un-filet-vegetarien-a-base-de-mycoproteine-dans-242-magasins-aldi-en-suisse\/"},"author":{"name":"Pierre-Yves Oehrli","@id":"https:\/\/staging.ggba.swiss\/en\/#\/schema\/person\/0b2e6d04131e3d01237dcb741fa33d41"},"headline":"Planetary lance un filet v\u00e9g\u00e9tarien \u00e0 base de mycoprot\u00e9ine dans 242 magasins Aldi en Suisse","datePublished":"2025-08-05T08:59:19+00:00","dateModified":"2025-08-05T09:01:35+00:00","mainEntityOfPage":{"@id":"https:\/\/ggba.swiss\/fr\/planetary-lance-un-filet-vegetarien-a-base-de-mycoproteine-dans-242-magasins-aldi-en-suisse\/"},"wordCount":427,"commentCount":0,"image":{"@id":"https:\/\/ggba.swiss\/fr\/planetary-lance-un-filet-vegetarien-a-base-de-mycoproteine-dans-242-magasins-aldi-en-suisse\/#primaryimage"},"thumbnailUrl":"https:\/\/ggba.swiss\/app\/uploads\/2025\/08\/Planetary-Gourmet-Filet-1180x811-1.jpeg","keywords":["Agritech","Food &amp; Beverages","FoodTech"],"articleSection":["Agro-alimentaire"],"inLanguage":"fr-FR","potentialAction":[{"@type":"CommentAction","name":"Comment","target":["https:\/\/ggba.swiss\/fr\/planetary-lance-un-filet-vegetarien-a-base-de-mycoproteine-dans-242-magasins-aldi-en-suisse\/#respond"]}]},{"@type":"WebPage","@id":"https:\/\/ggba.swiss\/fr\/planetary-lance-un-filet-vegetarien-a-base-de-mycoproteine-dans-242-magasins-aldi-en-suisse\/","url":"https:\/\/ggba.swiss\/fr\/planetary-lance-un-filet-vegetarien-a-base-de-mycoproteine-dans-242-magasins-aldi-en-suisse\/","name":"Planetary lance un filet v\u00e9g\u00e9tarien \u00e0 base de mycoprot\u00e9ine | GGBa","isPartOf":{"@id":"https:\/\/staging.ggba.swiss\/en\/#website"},"primaryImageOfPage":{"@id":"https:\/\/ggba.swiss\/fr\/planetary-lance-un-filet-vegetarien-a-base-de-mycoproteine-dans-242-magasins-aldi-en-suisse\/#primaryimage"},"image":{"@id":"https:\/\/ggba.swiss\/fr\/planetary-lance-un-filet-vegetarien-a-base-de-mycoproteine-dans-242-magasins-aldi-en-suisse\/#primaryimage"},"thumbnailUrl":"https:\/\/ggba.swiss\/app\/uploads\/2025\/08\/Planetary-Gourmet-Filet-1180x811-1.jpeg","datePublished":"2025-08-05T08:59:19+00:00","dateModified":"2025-08-05T09:01:35+00:00","author":{"@id":"https:\/\/staging.ggba.swiss\/en\/#\/schema\/person\/0b2e6d04131e3d01237dcb741fa33d41"},"description":"Planetary s\u2019associe \u00e0 Aldi Suisse pour commercialiser un filet de poulet v\u00e9g\u00e9tarien \u00e0 base de mycoprot\u00e9ine ferment\u00e9e.","breadcrumb":{"@id":"https:\/\/ggba.swiss\/fr\/planetary-lance-un-filet-vegetarien-a-base-de-mycoproteine-dans-242-magasins-aldi-en-suisse\/#breadcrumb"},"inLanguage":"fr-FR","potentialAction":[{"@type":"ReadAction","target":["https:\/\/ggba.swiss\/fr\/planetary-lance-un-filet-vegetarien-a-base-de-mycoproteine-dans-242-magasins-aldi-en-suisse\/"]}]},{"@type":"ImageObject","inLanguage":"fr-FR","@id":"https:\/\/ggba.swiss\/fr\/planetary-lance-un-filet-vegetarien-a-base-de-mycoproteine-dans-242-magasins-aldi-en-suisse\/#primaryimage","url":"https:\/\/ggba.swiss\/app\/uploads\/2025\/08\/Planetary-Gourmet-Filet-1180x811-1.jpeg","contentUrl":"https:\/\/ggba.swiss\/app\/uploads\/2025\/08\/Planetary-Gourmet-Filet-1180x811-1.jpeg","width":1180,"height":811,"caption":"D\u00e9velopp\u00e9 \u00e0 partir de la mycoprot\u00e9ine Libre de Planetary, le MyVay Gourmet Filet constitue une alternative durable et peu transform\u00e9e \u00e0 la viande, d\u00e9sormais commercialis\u00e9e dans toute la Suisse par Aldi. | \u00a9 Planetary"},{"@type":"BreadcrumbList","@id":"https:\/\/ggba.swiss\/fr\/planetary-lance-un-filet-vegetarien-a-base-de-mycoproteine-dans-242-magasins-aldi-en-suisse\/#breadcrumb","itemListElement":[{"@type":"ListItem","position":1,"name":"Home","item":"https:\/\/ggba.swiss\/fr\/"},{"@type":"ListItem","position":2,"name":"Planetary lance un filet v\u00e9g\u00e9tarien \u00e0 base de mycoprot\u00e9ine dans 242 magasins Aldi en Suisse"}]},{"@type":"WebSite","@id":"https:\/\/staging.ggba.swiss\/en\/#website","url":"https:\/\/staging.ggba.swiss\/en\/","name":"Greater Geneva Bern area","description":"","potentialAction":[{"@type":"SearchAction","target":{"@type":"EntryPoint","urlTemplate":"https:\/\/staging.ggba.swiss\/en\/?s={search_term_string}"},"query-input":{"@type":"PropertyValueSpecification","valueRequired":true,"valueName":"search_term_string"}}],"inLanguage":"fr-FR"},{"@type":"Person","@id":"https:\/\/staging.ggba.swiss\/en\/#\/schema\/person\/0b2e6d04131e3d01237dcb741fa33d41","name":"Pierre-Yves Oehrli","url":"https:\/\/ggba.swiss\/fr\/author\/pierre-yves-oehrli\/"}]}},"_links":{"self":[{"href":"https:\/\/ggba.swiss\/fr\/wp-json\/wp\/v2\/posts\/34817","targetHints":{"allow":["GET"]}}],"collection":[{"href":"https:\/\/ggba.swiss\/fr\/wp-json\/wp\/v2\/posts"}],"about":[{"href":"https:\/\/ggba.swiss\/fr\/wp-json\/wp\/v2\/types\/post"}],"author":[{"embeddable":true,"href":"https:\/\/ggba.swiss\/fr\/wp-json\/wp\/v2\/users\/6"}],"replies":[{"embeddable":true,"href":"https:\/\/ggba.swiss\/fr\/wp-json\/wp\/v2\/comments?post=34817"}],"version-history":[{"count":1,"href":"https:\/\/ggba.swiss\/fr\/wp-json\/wp\/v2\/posts\/34817\/revisions"}],"predecessor-version":[{"id":34819,"href":"https:\/\/ggba.swiss\/fr\/wp-json\/wp\/v2\/posts\/34817\/revisions\/34819"}],"wp:featuredmedia":[{"embeddable":true,"href":"https:\/\/ggba.swiss\/fr\/wp-json\/wp\/v2\/media\/34814"}],"wp:attachment":[{"href":"https:\/\/ggba.swiss\/fr\/wp-json\/wp\/v2\/media?parent=34817"}],"wp:term":[{"taxonomy":"category","embeddable":true,"href":"https:\/\/ggba.swiss\/fr\/wp-json\/wp\/v2\/categories?post=34817"},{"taxonomy":"post_tag","embeddable":true,"href":"https:\/\/ggba.swiss\/fr\/wp-json\/wp\/v2\/tags?post=34817"}],"curies":[{"name":"wp","href":"https:\/\/api.w.org\/{rel}","templated":true}]}}