{"id":36554,"date":"2025-11-25T11:14:31","date_gmt":"2025-11-25T10:14:31","guid":{"rendered":"https:\/\/ggba.swiss\/chuv-opens-new-ambulatory-radiology-facility-to-improve-patient-access-and-diagnostic-capacity\/"},"modified":"2025-11-25T11:16:25","modified_gmt":"2025-11-25T10:16:25","slug":"le-chuv-ouvre-un-nouvel-espace-de-radiologie-ambulatoire","status":"publish","type":"post","link":"https:\/\/ggba.swiss\/fr\/le-chuv-ouvre-un-nouvel-espace-de-radiologie-ambulatoire\/","title":{"rendered":"Le CHUV ouvre un nouvel espace de radiologie ambulatoire"},"content":{"rendered":"\n<p>Le Centre hospitalier universitaire vaudois (<a href=\"https:\/\/www.chuv.ch\/fr\/\">CHUV<\/a>) a ouvert un nouvel espace enti\u00e8rement d\u00e9di\u00e9 \u00e0 la radiologie ambulatoire. Situ\u00e9 au c\u0153ur du campus hospitalier et \u00e0 proximit\u00e9 de l\u2019entr\u00e9e principale, ce nouvel environnement centralise des services d\u2019imagerie auparavant r\u00e9partis sur plusieurs sites lausannois. D\u2019une surface de plus de 1\u2019700 m\u00e8tres carr\u00e9s, il est con\u00e7u pour simplifier le parcours des patients et renforcer la continuit\u00e9 de la prise en charge.<\/p>\n\n\n\n<p>Le nouveau centre regroupe l\u2019ensemble des installations ambulatoires de radiologie du CHUV, auparavant localis\u00e9es dans le b\u00e2timent hospitalier principal, au Centre Leenaards de la M\u00e9moire et au centre de radiologie du Grand-Ch\u00eane. En s\u00e9parant les flux ambulatoires des flux hospitaliers, le CHUV vise \u00e0 am\u00e9liorer l\u2019acc\u00e8s aux examens, r\u00e9duire les temps d\u2019attente et optimiser l\u2019exp\u00e9rience patient.<\/p>\n\n\n\n<p>L\u2019espace comprend trois appareils d\u2019IRM, deux scanners et trois salles d\u2019\u00e9chographie de derni\u00e8re g\u00e9n\u00e9ration. Ces installations modernisent le parc existant et sont int\u00e9gr\u00e9es dans un environnement pens\u00e9 pour le confort, l\u2019accessibilit\u00e9 et l\u2019efficacit\u00e9. Le centre comprend \u00e9galement des am\u00e9nagements pour les patients ayant des besoins sp\u00e9cifiques, notamment un acc\u00e8s renforc\u00e9 pour les personnes \u00e0 mobilit\u00e9 r\u00e9duite, une salle d\u00e9di\u00e9e \u00e0 l\u2019accompagnement par hypnose et une IRM \u00e0 champ r\u00e9duit (1.5 T) compatible avec certains implants.<\/p>\n\n\n\n<h4 class=\"wp-block-heading\">Un projet architectural durable<\/h4>\n\n\n\n<p>Le projet a impliqu\u00e9 la transformation de l\u2019ancienne biblioth\u00e8que de m\u00e9decine et a \u00e9t\u00e9 d\u00e9velopp\u00e9 en collaboration avec le bureau lausannois Aubert Architectes. La r\u00e9novation a permis de mettre en \u0153uvre des pratiques de construction durable, notamment l\u2019utilisation de mat\u00e9riaux biosourc\u00e9s tels que la chaux, le chanvre, le bois et des briques de terre crue. Le CHUV a \u00e9galement r\u00e9utilis\u00e9 des \u00e9l\u00e9ments d\u00e9j\u00e0 pr\u00e9sents sur le site, comme des luminaires, des portes, des \u00e9viers, des stores de fa\u00e7ade et du mobilier provenant de l\u2019ancienne caf\u00e9t\u00e9ria.<\/p>\n\n\n\n<p>Selon le CHUV, la radiologie est une sp\u00e9cialit\u00e9 \u00e0 forte consommation \u00e9nerg\u00e9tique, ce qui renforce l\u2019importance de prendre en compte l\u2019impact environnemental. Le projet a n\u00e9cessit\u00e9 une collaboration \u00e9troite entre architectes, ing\u00e9nieurs et \u00e9quipes hospitali\u00e8res afin de garantir que les standards d\u2019hygi\u00e8ne et d\u2019entretien soient compatibles avec les nouveaux mat\u00e9riaux.<\/p>\n","protected":false},"excerpt":{"rendered":"<p>Le CHUV a ouvert un nouvel espace de radiologie ambulatoire \u00e0 Lausanne afin de centraliser les services d\u2019imagerie et de moderniser son infrastructure diagnostique.<\/p>\n","protected":false},"author":6,"featured_media":36551,"comment_status":"open","ping_status":"open","sticky":false,"template":"","format":"standard","meta":{"_acf_changed":false,"inline_featured_image":false,"mc4wp_mailchimp_campaign":[],"footnotes":""},"categories":[843],"tags":[1188,1184,1185,1139],"class_list":["post-36554","post","type-post","status-publish","format-standard","has-post-thumbnail","hentry","category-sciences-de-la-vie","tag-healthcare-fr-2","tag-infrastructures-fr-2","tag-radiotherapy-fr-2","tag-sustainability-fr-2"],"acf":[],"yoast_head":"<!-- This site is optimized with the Yoast SEO plugin v27.2 - https:\/\/yoast.com\/product\/yoast-seo-wordpress\/ -->\n<title>Le CHUV ouvre un nouvel espace de radiologie ambulatoire<\/title>\n<meta name=\"description\" content=\"Le CHUV a ouvert un nouvel espace de radiologie ambulatoire afin de centraliser les services d\u2019imagerie et de moderniser son infrastructure.\" \/>\n<meta name=\"robots\" content=\"index, follow, max-snippet:-1, max-image-preview:large, max-video-preview:-1\" \/>\n<link rel=\"canonical\" href=\"https:\/\/ggba.swiss\/fr\/le-chuv-ouvre-un-nouvel-espace-de-radiologie-ambulatoire\/\" \/>\n<meta property=\"og:locale\" content=\"fr_FR\" \/>\n<meta property=\"og:type\" content=\"article\" \/>\n<meta property=\"og:title\" content=\"Le CHUV ouvre un nouvel espace de radiologie ambulatoire\" \/>\n<meta property=\"og:description\" content=\"Le CHUV a ouvert un nouvel espace de radiologie ambulatoire afin de centraliser les services d\u2019imagerie et de moderniser son infrastructure.\" \/>\n<meta property=\"og:url\" content=\"https:\/\/ggba.swiss\/fr\/le-chuv-ouvre-un-nouvel-espace-de-radiologie-ambulatoire\/\" \/>\n<meta property=\"og:site_name\" content=\"Greater Geneva Bern area\" \/>\n<meta property=\"article:published_time\" content=\"2025-11-25T10:14:31+00:00\" \/>\n<meta property=\"article:modified_time\" content=\"2025-11-25T10:16:25+00:00\" \/>\n<meta property=\"og:image\" content=\"https:\/\/ggba.swiss\/app\/uploads\/2025\/11\/CHUV-Ambulatoire-1180x811-1.jpeg\" \/>\n\t<meta property=\"og:image:width\" content=\"1180\" \/>\n\t<meta property=\"og:image:height\" content=\"811\" \/>\n\t<meta property=\"og:image:type\" content=\"image\/jpeg\" \/>\n<meta name=\"author\" content=\"Pierre-Yves Oehrli\" \/>\n<meta name=\"twitter:card\" content=\"summary_large_image\" \/>\n<meta name=\"twitter:label1\" content=\"\u00c9crit par\" \/>\n\t<meta name=\"twitter:data1\" content=\"Pierre-Yves Oehrli\" \/>\n\t<meta name=\"twitter:label2\" content=\"Dur\u00e9e de lecture estim\u00e9e\" \/>\n\t<meta name=\"twitter:data2\" content=\"2 minutes\" \/>\n<script type=\"application\/ld+json\" class=\"yoast-schema-graph\">{\"@context\":\"https:\/\/schema.org\",\"@graph\":[{\"@type\":\"Article\",\"@id\":\"https:\/\/ggba.swiss\/fr\/le-chuv-ouvre-un-nouvel-espace-de-radiologie-ambulatoire\/#article\",\"isPartOf\":{\"@id\":\"https:\/\/ggba.swiss\/fr\/le-chuv-ouvre-un-nouvel-espace-de-radiologie-ambulatoire\/\"},\"author\":{\"name\":\"Pierre-Yves Oehrli\",\"@id\":\"https:\/\/staging.ggba.swiss\/en\/#\/schema\/person\/0b2e6d04131e3d01237dcb741fa33d41\"},\"headline\":\"Le CHUV ouvre un nouvel espace de radiologie ambulatoire\",\"datePublished\":\"2025-11-25T10:14:31+00:00\",\"dateModified\":\"2025-11-25T10:16:25+00:00\",\"mainEntityOfPage\":{\"@id\":\"https:\/\/ggba.swiss\/fr\/le-chuv-ouvre-un-nouvel-espace-de-radiologie-ambulatoire\/\"},\"wordCount\":407,\"commentCount\":0,\"image\":{\"@id\":\"https:\/\/ggba.swiss\/fr\/le-chuv-ouvre-un-nouvel-espace-de-radiologie-ambulatoire\/#primaryimage\"},\"thumbnailUrl\":\"https:\/\/ggba.swiss\/app\/uploads\/2025\/11\/CHUV-Ambulatoire-1180x811-1.jpeg\",\"keywords\":[\"Healthcare\",\"Infrastructures\",\"Radiotherapy\",\"Sustainability\"],\"articleSection\":[\"Sciences de la vie\"],\"inLanguage\":\"fr-FR\",\"potentialAction\":[{\"@type\":\"CommentAction\",\"name\":\"Comment\",\"target\":[\"https:\/\/ggba.swiss\/fr\/le-chuv-ouvre-un-nouvel-espace-de-radiologie-ambulatoire\/#respond\"]}]},{\"@type\":\"WebPage\",\"@id\":\"https:\/\/ggba.swiss\/fr\/le-chuv-ouvre-un-nouvel-espace-de-radiologie-ambulatoire\/\",\"url\":\"https:\/\/ggba.swiss\/fr\/le-chuv-ouvre-un-nouvel-espace-de-radiologie-ambulatoire\/\",\"name\":\"Le CHUV ouvre un nouvel espace de radiologie ambulatoire\",\"isPartOf\":{\"@id\":\"https:\/\/staging.ggba.swiss\/en\/#website\"},\"primaryImageOfPage\":{\"@id\":\"https:\/\/ggba.swiss\/fr\/le-chuv-ouvre-un-nouvel-espace-de-radiologie-ambulatoire\/#primaryimage\"},\"image\":{\"@id\":\"https:\/\/ggba.swiss\/fr\/le-chuv-ouvre-un-nouvel-espace-de-radiologie-ambulatoire\/#primaryimage\"},\"thumbnailUrl\":\"https:\/\/ggba.swiss\/app\/uploads\/2025\/11\/CHUV-Ambulatoire-1180x811-1.jpeg\",\"datePublished\":\"2025-11-25T10:14:31+00:00\",\"dateModified\":\"2025-11-25T10:16:25+00:00\",\"author\":{\"@id\":\"https:\/\/staging.ggba.swiss\/en\/#\/schema\/person\/0b2e6d04131e3d01237dcb741fa33d41\"},\"description\":\"Le CHUV a ouvert un nouvel espace de radiologie ambulatoire afin de centraliser les services d\u2019imagerie et de moderniser son infrastructure.\",\"breadcrumb\":{\"@id\":\"https:\/\/ggba.swiss\/fr\/le-chuv-ouvre-un-nouvel-espace-de-radiologie-ambulatoire\/#breadcrumb\"},\"inLanguage\":\"fr-FR\",\"potentialAction\":[{\"@type\":\"ReadAction\",\"target\":[\"https:\/\/ggba.swiss\/fr\/le-chuv-ouvre-un-nouvel-espace-de-radiologie-ambulatoire\/\"]}]},{\"@type\":\"ImageObject\",\"inLanguage\":\"fr-FR\",\"@id\":\"https:\/\/ggba.swiss\/fr\/le-chuv-ouvre-un-nouvel-espace-de-radiologie-ambulatoire\/#primaryimage\",\"url\":\"https:\/\/ggba.swiss\/app\/uploads\/2025\/11\/CHUV-Ambulatoire-1180x811-1.jpeg\",\"contentUrl\":\"https:\/\/ggba.swiss\/app\/uploads\/2025\/11\/CHUV-Ambulatoire-1180x811-1.jpeg\",\"width\":1180,\"height\":811,\"caption\":\"Le nouvel espace de radiologie ambulatoire du CHUV r\u00e9unit les services d\u2019IRM, de scanner et d\u2019\u00e9chographie dans un espace d\u00e9di\u00e9 de 1\u2019700 m\u00b2. | \u00a9 CHUV 2025 \/ Jeanne Martel\"},{\"@type\":\"BreadcrumbList\",\"@id\":\"https:\/\/ggba.swiss\/fr\/le-chuv-ouvre-un-nouvel-espace-de-radiologie-ambulatoire\/#breadcrumb\",\"itemListElement\":[{\"@type\":\"ListItem\",\"position\":1,\"name\":\"Home\",\"item\":\"https:\/\/ggba.swiss\/fr\/\"},{\"@type\":\"ListItem\",\"position\":2,\"name\":\"Le CHUV ouvre un nouvel espace de radiologie ambulatoire\"}]},{\"@type\":\"WebSite\",\"@id\":\"https:\/\/staging.ggba.swiss\/en\/#website\",\"url\":\"https:\/\/staging.ggba.swiss\/en\/\",\"name\":\"Greater Geneva Bern area\",\"description\":\"\",\"potentialAction\":[{\"@type\":\"SearchAction\",\"target\":{\"@type\":\"EntryPoint\",\"urlTemplate\":\"https:\/\/staging.ggba.swiss\/en\/?s={search_term_string}\"},\"query-input\":{\"@type\":\"PropertyValueSpecification\",\"valueRequired\":true,\"valueName\":\"search_term_string\"}}],\"inLanguage\":\"fr-FR\"},{\"@type\":\"Person\",\"@id\":\"https:\/\/staging.ggba.swiss\/en\/#\/schema\/person\/0b2e6d04131e3d01237dcb741fa33d41\",\"name\":\"Pierre-Yves Oehrli\",\"url\":\"https:\/\/ggba.swiss\/fr\/author\/pierre-yves-oehrli\/\"}]}<\/script>\n<!-- \/ Yoast SEO plugin. -->","yoast_head_json":{"title":"Le CHUV ouvre un nouvel espace de radiologie ambulatoire","description":"Le CHUV a ouvert un nouvel espace de radiologie ambulatoire afin de centraliser les services d\u2019imagerie et de moderniser son infrastructure.","robots":{"index":"index","follow":"follow","max-snippet":"max-snippet:-1","max-image-preview":"max-image-preview:large","max-video-preview":"max-video-preview:-1"},"canonical":"https:\/\/ggba.swiss\/fr\/le-chuv-ouvre-un-nouvel-espace-de-radiologie-ambulatoire\/","og_locale":"fr_FR","og_type":"article","og_title":"Le CHUV ouvre un nouvel espace de radiologie ambulatoire","og_description":"Le CHUV a ouvert un nouvel espace de radiologie ambulatoire afin de centraliser les services d\u2019imagerie et de moderniser son infrastructure.","og_url":"https:\/\/ggba.swiss\/fr\/le-chuv-ouvre-un-nouvel-espace-de-radiologie-ambulatoire\/","og_site_name":"Greater Geneva Bern area","article_published_time":"2025-11-25T10:14:31+00:00","article_modified_time":"2025-11-25T10:16:25+00:00","og_image":[{"width":1180,"height":811,"url":"https:\/\/ggba.swiss\/app\/uploads\/2025\/11\/CHUV-Ambulatoire-1180x811-1.jpeg","type":"image\/jpeg"}],"author":"Pierre-Yves Oehrli","twitter_card":"summary_large_image","twitter_misc":{"\u00c9crit par":"Pierre-Yves Oehrli","Dur\u00e9e de lecture estim\u00e9e":"2 minutes"},"schema":{"@context":"https:\/\/schema.org","@graph":[{"@type":"Article","@id":"https:\/\/ggba.swiss\/fr\/le-chuv-ouvre-un-nouvel-espace-de-radiologie-ambulatoire\/#article","isPartOf":{"@id":"https:\/\/ggba.swiss\/fr\/le-chuv-ouvre-un-nouvel-espace-de-radiologie-ambulatoire\/"},"author":{"name":"Pierre-Yves Oehrli","@id":"https:\/\/staging.ggba.swiss\/en\/#\/schema\/person\/0b2e6d04131e3d01237dcb741fa33d41"},"headline":"Le CHUV ouvre un nouvel espace de radiologie ambulatoire","datePublished":"2025-11-25T10:14:31+00:00","dateModified":"2025-11-25T10:16:25+00:00","mainEntityOfPage":{"@id":"https:\/\/ggba.swiss\/fr\/le-chuv-ouvre-un-nouvel-espace-de-radiologie-ambulatoire\/"},"wordCount":407,"commentCount":0,"image":{"@id":"https:\/\/ggba.swiss\/fr\/le-chuv-ouvre-un-nouvel-espace-de-radiologie-ambulatoire\/#primaryimage"},"thumbnailUrl":"https:\/\/ggba.swiss\/app\/uploads\/2025\/11\/CHUV-Ambulatoire-1180x811-1.jpeg","keywords":["Healthcare","Infrastructures","Radiotherapy","Sustainability"],"articleSection":["Sciences de la vie"],"inLanguage":"fr-FR","potentialAction":[{"@type":"CommentAction","name":"Comment","target":["https:\/\/ggba.swiss\/fr\/le-chuv-ouvre-un-nouvel-espace-de-radiologie-ambulatoire\/#respond"]}]},{"@type":"WebPage","@id":"https:\/\/ggba.swiss\/fr\/le-chuv-ouvre-un-nouvel-espace-de-radiologie-ambulatoire\/","url":"https:\/\/ggba.swiss\/fr\/le-chuv-ouvre-un-nouvel-espace-de-radiologie-ambulatoire\/","name":"Le CHUV ouvre un nouvel espace de radiologie ambulatoire","isPartOf":{"@id":"https:\/\/staging.ggba.swiss\/en\/#website"},"primaryImageOfPage":{"@id":"https:\/\/ggba.swiss\/fr\/le-chuv-ouvre-un-nouvel-espace-de-radiologie-ambulatoire\/#primaryimage"},"image":{"@id":"https:\/\/ggba.swiss\/fr\/le-chuv-ouvre-un-nouvel-espace-de-radiologie-ambulatoire\/#primaryimage"},"thumbnailUrl":"https:\/\/ggba.swiss\/app\/uploads\/2025\/11\/CHUV-Ambulatoire-1180x811-1.jpeg","datePublished":"2025-11-25T10:14:31+00:00","dateModified":"2025-11-25T10:16:25+00:00","author":{"@id":"https:\/\/staging.ggba.swiss\/en\/#\/schema\/person\/0b2e6d04131e3d01237dcb741fa33d41"},"description":"Le CHUV a ouvert un nouvel espace de radiologie ambulatoire afin de centraliser les services d\u2019imagerie et de moderniser son infrastructure.","breadcrumb":{"@id":"https:\/\/ggba.swiss\/fr\/le-chuv-ouvre-un-nouvel-espace-de-radiologie-ambulatoire\/#breadcrumb"},"inLanguage":"fr-FR","potentialAction":[{"@type":"ReadAction","target":["https:\/\/ggba.swiss\/fr\/le-chuv-ouvre-un-nouvel-espace-de-radiologie-ambulatoire\/"]}]},{"@type":"ImageObject","inLanguage":"fr-FR","@id":"https:\/\/ggba.swiss\/fr\/le-chuv-ouvre-un-nouvel-espace-de-radiologie-ambulatoire\/#primaryimage","url":"https:\/\/ggba.swiss\/app\/uploads\/2025\/11\/CHUV-Ambulatoire-1180x811-1.jpeg","contentUrl":"https:\/\/ggba.swiss\/app\/uploads\/2025\/11\/CHUV-Ambulatoire-1180x811-1.jpeg","width":1180,"height":811,"caption":"Le nouvel espace de radiologie ambulatoire du CHUV r\u00e9unit les services d\u2019IRM, de scanner et d\u2019\u00e9chographie dans un espace d\u00e9di\u00e9 de 1\u2019700 m\u00b2. | \u00a9 CHUV 2025 \/ Jeanne Martel"},{"@type":"BreadcrumbList","@id":"https:\/\/ggba.swiss\/fr\/le-chuv-ouvre-un-nouvel-espace-de-radiologie-ambulatoire\/#breadcrumb","itemListElement":[{"@type":"ListItem","position":1,"name":"Home","item":"https:\/\/ggba.swiss\/fr\/"},{"@type":"ListItem","position":2,"name":"Le CHUV ouvre un nouvel espace de radiologie ambulatoire"}]},{"@type":"WebSite","@id":"https:\/\/staging.ggba.swiss\/en\/#website","url":"https:\/\/staging.ggba.swiss\/en\/","name":"Greater Geneva Bern area","description":"","potentialAction":[{"@type":"SearchAction","target":{"@type":"EntryPoint","urlTemplate":"https:\/\/staging.ggba.swiss\/en\/?s={search_term_string}"},"query-input":{"@type":"PropertyValueSpecification","valueRequired":true,"valueName":"search_term_string"}}],"inLanguage":"fr-FR"},{"@type":"Person","@id":"https:\/\/staging.ggba.swiss\/en\/#\/schema\/person\/0b2e6d04131e3d01237dcb741fa33d41","name":"Pierre-Yves Oehrli","url":"https:\/\/ggba.swiss\/fr\/author\/pierre-yves-oehrli\/"}]}},"_links":{"self":[{"href":"https:\/\/ggba.swiss\/fr\/wp-json\/wp\/v2\/posts\/36554","targetHints":{"allow":["GET"]}}],"collection":[{"href":"https:\/\/ggba.swiss\/fr\/wp-json\/wp\/v2\/posts"}],"about":[{"href":"https:\/\/ggba.swiss\/fr\/wp-json\/wp\/v2\/types\/post"}],"author":[{"embeddable":true,"href":"https:\/\/ggba.swiss\/fr\/wp-json\/wp\/v2\/users\/6"}],"replies":[{"embeddable":true,"href":"https:\/\/ggba.swiss\/fr\/wp-json\/wp\/v2\/comments?post=36554"}],"version-history":[{"count":1,"href":"https:\/\/ggba.swiss\/fr\/wp-json\/wp\/v2\/posts\/36554\/revisions"}],"predecessor-version":[{"id":36556,"href":"https:\/\/ggba.swiss\/fr\/wp-json\/wp\/v2\/posts\/36554\/revisions\/36556"}],"wp:featuredmedia":[{"embeddable":true,"href":"https:\/\/ggba.swiss\/fr\/wp-json\/wp\/v2\/media\/36551"}],"wp:attachment":[{"href":"https:\/\/ggba.swiss\/fr\/wp-json\/wp\/v2\/media?parent=36554"}],"wp:term":[{"taxonomy":"category","embeddable":true,"href":"https:\/\/ggba.swiss\/fr\/wp-json\/wp\/v2\/categories?post=36554"},{"taxonomy":"post_tag","embeddable":true,"href":"https:\/\/ggba.swiss\/fr\/wp-json\/wp\/v2\/tags?post=36554"}],"curies":[{"name":"wp","href":"https:\/\/api.w.org\/{rel}","templated":true}]}}