{"id":38495,"date":"2026-04-27T09:16:16","date_gmt":"2026-04-27T07:16:16","guid":{"rendered":"https:\/\/ggba.swiss\/digi-sens-invests-chf-5-5-million-to-expand-murten-facility\/"},"modified":"2026-04-27T09:18:35","modified_gmt":"2026-04-27T07:18:35","slug":"digi-sens-investit-chf-55-millions-pour-agrandir-son-site-de-morat","status":"publish","type":"post","link":"https:\/\/ggba.swiss\/fr\/digi-sens-investit-chf-55-millions-pour-agrandir-son-site-de-morat\/","title":{"rendered":"Digi Sens investit CHF 5,5 millions pour agrandir son site de Morat"},"content":{"rendered":"\n<p><a href=\"https:\/\/digisens.ch\/fr\/\">Digi Sens Holding AG<\/a>, soci\u00e9t\u00e9 de technologie de pr\u00e9cision dont le si\u00e8ge est \u00e0 Morat dans le canton de Fribourg, a lanc\u00e9 son troisi\u00e8me projet d&rsquo;extension de site, baptis\u00e9 Terza, avec un investissement pr\u00e9vu de CHF 5,5 millions. Le d\u00e9but des travaux est pr\u00e9vu pour l&rsquo;\u00e9t\u00e9 2026, avec une livraison anticip\u00e9e environ un an plus tard. Ce projet, initialement pr\u00e9vu pour d\u00e9marrer en 2020 avant d&rsquo;\u00eatre gel\u00e9 par la pand\u00e9mie du Covid-19, ajoutera un nouveau b\u00e2timent de trois niveaux totalisant 1&rsquo;500 m\u00b2 au site existant, offrant environ 50% de surface suppl\u00e9mentaire r\u00e9partie entre zones de production, stockage et bureaux.<\/p>\n\n\n\n<p>Cette extension est principalement port\u00e9e par la forte demande pour la gamme d&rsquo;armoires intelligentes de Digi Sens, lanc\u00e9e en 2016 et repr\u00e9sentant aujourd&rsquo;hui pr\u00e8s d&rsquo;un tiers du chiffre d&rsquo;affaires de la soci\u00e9t\u00e9. Ces armoires, qui sont utilis\u00e9es dans les environnements industriels, m\u00e9dicaux et de la construction pour le stockage s\u00e9curis\u00e9 de pi\u00e8ces d\u00e9tach\u00e9es, d&rsquo;outils et de produits dangereux, sont \u00e9quip\u00e9es de balances internes haute pr\u00e9cision et d&rsquo;un contr\u00f4le d&rsquo;acc\u00e8s par badge, t\u00e9l\u00e9phone mobile ou code, offrant aux clients un suivi des stocks en temps r\u00e9el et \u00e9liminant les pertes de mat\u00e9riel. La soci\u00e9t\u00e9 a produit plus de 1&rsquo;000 unit\u00e9s en 2025 et vise 2&rsquo;000 \u00e0 3&rsquo;000 unit\u00e9s annuelles d&rsquo;ici deux ans, avec des clients incluant le fabricant d&rsquo;outils mondial Hilti. L&rsquo;extension devrait permettre la cr\u00e9ation d&rsquo;une dizaine de nouveaux emplois dans les deux \u00e0 trois prochaines ann\u00e9es.<\/p>\n\n\n\n<p>Fond\u00e9e en 1993 et implant\u00e9e \u00e0 Morat depuis 1998, Digi Sens emploie 43 personnes sur son site fribourgeois et une vingtaine dans une filiale de production \u00e0 Zilina, en Slovaquie. La soci\u00e9t\u00e9 r\u00e9alise environ 60% de son chiffre d&rsquo;affaires \u00e0 l&rsquo;international, avec un portefeuille de produits couvrant les syst\u00e8mes de pesage pour camions poubelles, les capteurs de poids pour fabricants d&rsquo;ascenseurs et les solutions de logistique et de gestion des stocks.<\/p>\n","protected":false},"excerpt":{"rendered":"<p>Digi Sens, fabricant moratois de syst\u00e8mes de pesage de pr\u00e9cision et d&rsquo;armoires intelligentes, investit CHF 5,5 millions dans une troisi\u00e8me extension de son si\u00e8ge fribourgeois.<\/p>\n","protected":false},"author":6,"featured_media":38492,"comment_status":"closed","ping_status":"closed","sticky":false,"template":"","format":"standard","meta":{"_acf_changed":false,"inline_featured_image":false,"mc4wp_mailchimp_campaign":[],"footnotes":""},"categories":[1193],"tags":[1152,1195,1184,1154],"class_list":["post-38495","post","type-post","status-publish","format-standard","has-post-thumbnail","hentry","category-headquarter-fr","tag-digital-transformation-fr","tag-industry-4-0-fr-2","tag-infrastructures-fr-2","tag-investment-fr-2"],"acf":[],"yoast_head":"<!-- This site is optimized with the Yoast SEO plugin v27.2 - https:\/\/yoast.com\/product\/yoast-seo-wordpress\/ -->\n<title>Digi Sens investit CHF 5,5 millions pour agrandir son site de Morat<\/title>\n<meta name=\"description\" content=\"Digi Sens, fabricant de syst\u00e8mes de pesage de pr\u00e9cision et d&#039;armoires intelligentes, investit CHF 5,5 millions dans son si\u00e8ge fribourgeois.\" \/>\n<meta name=\"robots\" content=\"index, follow, max-snippet:-1, max-image-preview:large, max-video-preview:-1\" \/>\n<link rel=\"canonical\" href=\"https:\/\/ggba.swiss\/fr\/digi-sens-investit-chf-55-millions-pour-agrandir-son-site-de-morat\/\" \/>\n<meta property=\"og:locale\" content=\"fr_FR\" \/>\n<meta property=\"og:type\" content=\"article\" \/>\n<meta property=\"og:title\" content=\"Digi Sens investit CHF 5,5 millions pour agrandir son site de Morat\" \/>\n<meta property=\"og:description\" content=\"Digi Sens, fabricant de syst\u00e8mes de pesage de pr\u00e9cision et d&#039;armoires intelligentes, investit CHF 5,5 millions dans son si\u00e8ge fribourgeois.\" \/>\n<meta property=\"og:url\" content=\"https:\/\/ggba.swiss\/fr\/digi-sens-investit-chf-55-millions-pour-agrandir-son-site-de-morat\/\" \/>\n<meta property=\"og:site_name\" content=\"Greater Geneva Bern area\" \/>\n<meta property=\"article:published_time\" content=\"2026-04-27T07:16:16+00:00\" \/>\n<meta property=\"article:modified_time\" content=\"2026-04-27T07:18:35+00:00\" \/>\n<meta property=\"og:image\" content=\"https:\/\/ggba.swiss\/app\/uploads\/2026\/04\/Digi-Sens-Murten-1180x811-1.jpeg\" \/>\n\t<meta property=\"og:image:width\" content=\"1180\" \/>\n\t<meta property=\"og:image:height\" content=\"811\" \/>\n\t<meta property=\"og:image:type\" content=\"image\/jpeg\" \/>\n<meta name=\"author\" content=\"Pierre-Yves Oehrli\" \/>\n<meta name=\"twitter:card\" content=\"summary_large_image\" \/>\n<meta name=\"twitter:label1\" content=\"\u00c9crit par\" \/>\n\t<meta name=\"twitter:data1\" content=\"Pierre-Yves Oehrli\" \/>\n\t<meta name=\"twitter:label2\" content=\"Dur\u00e9e de lecture estim\u00e9e\" \/>\n\t<meta name=\"twitter:data2\" content=\"2 minutes\" \/>\n<script type=\"application\/ld+json\" class=\"yoast-schema-graph\">{\"@context\":\"https:\/\/schema.org\",\"@graph\":[{\"@type\":\"Article\",\"@id\":\"https:\/\/ggba.swiss\/fr\/digi-sens-investit-chf-55-millions-pour-agrandir-son-site-de-morat\/#article\",\"isPartOf\":{\"@id\":\"https:\/\/ggba.swiss\/fr\/digi-sens-investit-chf-55-millions-pour-agrandir-son-site-de-morat\/\"},\"author\":{\"name\":\"Pierre-Yves Oehrli\",\"@id\":\"https:\/\/staging.ggba.swiss\/en\/#\/schema\/person\/0b2e6d04131e3d01237dcb741fa33d41\"},\"headline\":\"Digi Sens investit CHF 5,5 millions pour agrandir son site de Morat\",\"datePublished\":\"2026-04-27T07:16:16+00:00\",\"dateModified\":\"2026-04-27T07:18:35+00:00\",\"mainEntityOfPage\":{\"@id\":\"https:\/\/ggba.swiss\/fr\/digi-sens-investit-chf-55-millions-pour-agrandir-son-site-de-morat\/\"},\"wordCount\":358,\"image\":{\"@id\":\"https:\/\/ggba.swiss\/fr\/digi-sens-investit-chf-55-millions-pour-agrandir-son-site-de-morat\/#primaryimage\"},\"thumbnailUrl\":\"https:\/\/ggba.swiss\/app\/uploads\/2026\/04\/Digi-Sens-Murten-1180x811-1.jpeg\",\"keywords\":[\"Digital Transformation\",\"Industry 4.0\",\"Infrastructures\",\"Investment\"],\"articleSection\":[\"Headquarters\"],\"inLanguage\":\"fr-FR\"},{\"@type\":\"WebPage\",\"@id\":\"https:\/\/ggba.swiss\/fr\/digi-sens-investit-chf-55-millions-pour-agrandir-son-site-de-morat\/\",\"url\":\"https:\/\/ggba.swiss\/fr\/digi-sens-investit-chf-55-millions-pour-agrandir-son-site-de-morat\/\",\"name\":\"Digi Sens investit CHF 5,5 millions pour agrandir son site de Morat\",\"isPartOf\":{\"@id\":\"https:\/\/staging.ggba.swiss\/en\/#website\"},\"primaryImageOfPage\":{\"@id\":\"https:\/\/ggba.swiss\/fr\/digi-sens-investit-chf-55-millions-pour-agrandir-son-site-de-morat\/#primaryimage\"},\"image\":{\"@id\":\"https:\/\/ggba.swiss\/fr\/digi-sens-investit-chf-55-millions-pour-agrandir-son-site-de-morat\/#primaryimage\"},\"thumbnailUrl\":\"https:\/\/ggba.swiss\/app\/uploads\/2026\/04\/Digi-Sens-Murten-1180x811-1.jpeg\",\"datePublished\":\"2026-04-27T07:16:16+00:00\",\"dateModified\":\"2026-04-27T07:18:35+00:00\",\"author\":{\"@id\":\"https:\/\/staging.ggba.swiss\/en\/#\/schema\/person\/0b2e6d04131e3d01237dcb741fa33d41\"},\"description\":\"Digi Sens, fabricant de syst\u00e8mes de pesage de pr\u00e9cision et d'armoires intelligentes, investit CHF 5,5 millions dans son si\u00e8ge fribourgeois.\",\"breadcrumb\":{\"@id\":\"https:\/\/ggba.swiss\/fr\/digi-sens-investit-chf-55-millions-pour-agrandir-son-site-de-morat\/#breadcrumb\"},\"inLanguage\":\"fr-FR\",\"potentialAction\":[{\"@type\":\"ReadAction\",\"target\":[\"https:\/\/ggba.swiss\/fr\/digi-sens-investit-chf-55-millions-pour-agrandir-son-site-de-morat\/\"]}]},{\"@type\":\"ImageObject\",\"inLanguage\":\"fr-FR\",\"@id\":\"https:\/\/ggba.swiss\/fr\/digi-sens-investit-chf-55-millions-pour-agrandir-son-site-de-morat\/#primaryimage\",\"url\":\"https:\/\/ggba.swiss\/app\/uploads\/2026\/04\/Digi-Sens-Murten-1180x811-1.jpeg\",\"contentUrl\":\"https:\/\/ggba.swiss\/app\/uploads\/2026\/04\/Digi-Sens-Murten-1180x811-1.jpeg\",\"width\":1180,\"height\":811,\"caption\":\"Le site de Digi Sens \u00e0 Morat, dans le canton de Fribourg, o\u00f9 la soci\u00e9t\u00e9 de technologie de pr\u00e9cision investit CHF 5,5 millions dans une troisi\u00e8me extension pour r\u00e9pondre \u00e0 la demande croissante pour sa gamme d'armoires intelligentes. | \u00a9 Digi Sens\"},{\"@type\":\"BreadcrumbList\",\"@id\":\"https:\/\/ggba.swiss\/fr\/digi-sens-investit-chf-55-millions-pour-agrandir-son-site-de-morat\/#breadcrumb\",\"itemListElement\":[{\"@type\":\"ListItem\",\"position\":1,\"name\":\"Home\",\"item\":\"https:\/\/ggba.swiss\/fr\/\"},{\"@type\":\"ListItem\",\"position\":2,\"name\":\"Digi Sens investit CHF 5,5 millions pour agrandir son site de Morat\"}]},{\"@type\":\"WebSite\",\"@id\":\"https:\/\/staging.ggba.swiss\/en\/#website\",\"url\":\"https:\/\/staging.ggba.swiss\/en\/\",\"name\":\"Greater Geneva Bern area\",\"description\":\"\",\"potentialAction\":[{\"@type\":\"SearchAction\",\"target\":{\"@type\":\"EntryPoint\",\"urlTemplate\":\"https:\/\/staging.ggba.swiss\/en\/?s={search_term_string}\"},\"query-input\":{\"@type\":\"PropertyValueSpecification\",\"valueRequired\":true,\"valueName\":\"search_term_string\"}}],\"inLanguage\":\"fr-FR\"},{\"@type\":\"Person\",\"@id\":\"https:\/\/staging.ggba.swiss\/en\/#\/schema\/person\/0b2e6d04131e3d01237dcb741fa33d41\",\"name\":\"Pierre-Yves Oehrli\",\"url\":\"https:\/\/ggba.swiss\/fr\/author\/pierre-yves-oehrli\/\"}]}<\/script>\n<!-- \/ Yoast SEO plugin. -->","yoast_head_json":{"title":"Digi Sens investit CHF 5,5 millions pour agrandir son site de Morat","description":"Digi Sens, fabricant de syst\u00e8mes de pesage de pr\u00e9cision et d'armoires intelligentes, investit CHF 5,5 millions dans son si\u00e8ge fribourgeois.","robots":{"index":"index","follow":"follow","max-snippet":"max-snippet:-1","max-image-preview":"max-image-preview:large","max-video-preview":"max-video-preview:-1"},"canonical":"https:\/\/ggba.swiss\/fr\/digi-sens-investit-chf-55-millions-pour-agrandir-son-site-de-morat\/","og_locale":"fr_FR","og_type":"article","og_title":"Digi Sens investit CHF 5,5 millions pour agrandir son site de Morat","og_description":"Digi Sens, fabricant de syst\u00e8mes de pesage de pr\u00e9cision et d'armoires intelligentes, investit CHF 5,5 millions dans son si\u00e8ge fribourgeois.","og_url":"https:\/\/ggba.swiss\/fr\/digi-sens-investit-chf-55-millions-pour-agrandir-son-site-de-morat\/","og_site_name":"Greater Geneva Bern area","article_published_time":"2026-04-27T07:16:16+00:00","article_modified_time":"2026-04-27T07:18:35+00:00","og_image":[{"width":1180,"height":811,"url":"https:\/\/ggba.swiss\/app\/uploads\/2026\/04\/Digi-Sens-Murten-1180x811-1.jpeg","type":"image\/jpeg"}],"author":"Pierre-Yves Oehrli","twitter_card":"summary_large_image","twitter_misc":{"\u00c9crit par":"Pierre-Yves Oehrli","Dur\u00e9e de lecture estim\u00e9e":"2 minutes"},"schema":{"@context":"https:\/\/schema.org","@graph":[{"@type":"Article","@id":"https:\/\/ggba.swiss\/fr\/digi-sens-investit-chf-55-millions-pour-agrandir-son-site-de-morat\/#article","isPartOf":{"@id":"https:\/\/ggba.swiss\/fr\/digi-sens-investit-chf-55-millions-pour-agrandir-son-site-de-morat\/"},"author":{"name":"Pierre-Yves Oehrli","@id":"https:\/\/staging.ggba.swiss\/en\/#\/schema\/person\/0b2e6d04131e3d01237dcb741fa33d41"},"headline":"Digi Sens investit CHF 5,5 millions pour agrandir son site de Morat","datePublished":"2026-04-27T07:16:16+00:00","dateModified":"2026-04-27T07:18:35+00:00","mainEntityOfPage":{"@id":"https:\/\/ggba.swiss\/fr\/digi-sens-investit-chf-55-millions-pour-agrandir-son-site-de-morat\/"},"wordCount":358,"image":{"@id":"https:\/\/ggba.swiss\/fr\/digi-sens-investit-chf-55-millions-pour-agrandir-son-site-de-morat\/#primaryimage"},"thumbnailUrl":"https:\/\/ggba.swiss\/app\/uploads\/2026\/04\/Digi-Sens-Murten-1180x811-1.jpeg","keywords":["Digital Transformation","Industry 4.0","Infrastructures","Investment"],"articleSection":["Headquarters"],"inLanguage":"fr-FR"},{"@type":"WebPage","@id":"https:\/\/ggba.swiss\/fr\/digi-sens-investit-chf-55-millions-pour-agrandir-son-site-de-morat\/","url":"https:\/\/ggba.swiss\/fr\/digi-sens-investit-chf-55-millions-pour-agrandir-son-site-de-morat\/","name":"Digi Sens investit CHF 5,5 millions pour agrandir son site de Morat","isPartOf":{"@id":"https:\/\/staging.ggba.swiss\/en\/#website"},"primaryImageOfPage":{"@id":"https:\/\/ggba.swiss\/fr\/digi-sens-investit-chf-55-millions-pour-agrandir-son-site-de-morat\/#primaryimage"},"image":{"@id":"https:\/\/ggba.swiss\/fr\/digi-sens-investit-chf-55-millions-pour-agrandir-son-site-de-morat\/#primaryimage"},"thumbnailUrl":"https:\/\/ggba.swiss\/app\/uploads\/2026\/04\/Digi-Sens-Murten-1180x811-1.jpeg","datePublished":"2026-04-27T07:16:16+00:00","dateModified":"2026-04-27T07:18:35+00:00","author":{"@id":"https:\/\/staging.ggba.swiss\/en\/#\/schema\/person\/0b2e6d04131e3d01237dcb741fa33d41"},"description":"Digi Sens, fabricant de syst\u00e8mes de pesage de pr\u00e9cision et d'armoires intelligentes, investit CHF 5,5 millions dans son si\u00e8ge fribourgeois.","breadcrumb":{"@id":"https:\/\/ggba.swiss\/fr\/digi-sens-investit-chf-55-millions-pour-agrandir-son-site-de-morat\/#breadcrumb"},"inLanguage":"fr-FR","potentialAction":[{"@type":"ReadAction","target":["https:\/\/ggba.swiss\/fr\/digi-sens-investit-chf-55-millions-pour-agrandir-son-site-de-morat\/"]}]},{"@type":"ImageObject","inLanguage":"fr-FR","@id":"https:\/\/ggba.swiss\/fr\/digi-sens-investit-chf-55-millions-pour-agrandir-son-site-de-morat\/#primaryimage","url":"https:\/\/ggba.swiss\/app\/uploads\/2026\/04\/Digi-Sens-Murten-1180x811-1.jpeg","contentUrl":"https:\/\/ggba.swiss\/app\/uploads\/2026\/04\/Digi-Sens-Murten-1180x811-1.jpeg","width":1180,"height":811,"caption":"Le site de Digi Sens \u00e0 Morat, dans le canton de Fribourg, o\u00f9 la soci\u00e9t\u00e9 de technologie de pr\u00e9cision investit CHF 5,5 millions dans une troisi\u00e8me extension pour r\u00e9pondre \u00e0 la demande croissante pour sa gamme d'armoires intelligentes. | \u00a9 Digi Sens"},{"@type":"BreadcrumbList","@id":"https:\/\/ggba.swiss\/fr\/digi-sens-investit-chf-55-millions-pour-agrandir-son-site-de-morat\/#breadcrumb","itemListElement":[{"@type":"ListItem","position":1,"name":"Home","item":"https:\/\/ggba.swiss\/fr\/"},{"@type":"ListItem","position":2,"name":"Digi Sens investit CHF 5,5 millions pour agrandir son site de Morat"}]},{"@type":"WebSite","@id":"https:\/\/staging.ggba.swiss\/en\/#website","url":"https:\/\/staging.ggba.swiss\/en\/","name":"Greater Geneva Bern area","description":"","potentialAction":[{"@type":"SearchAction","target":{"@type":"EntryPoint","urlTemplate":"https:\/\/staging.ggba.swiss\/en\/?s={search_term_string}"},"query-input":{"@type":"PropertyValueSpecification","valueRequired":true,"valueName":"search_term_string"}}],"inLanguage":"fr-FR"},{"@type":"Person","@id":"https:\/\/staging.ggba.swiss\/en\/#\/schema\/person\/0b2e6d04131e3d01237dcb741fa33d41","name":"Pierre-Yves Oehrli","url":"https:\/\/ggba.swiss\/fr\/author\/pierre-yves-oehrli\/"}]}},"_links":{"self":[{"href":"https:\/\/ggba.swiss\/fr\/wp-json\/wp\/v2\/posts\/38495","targetHints":{"allow":["GET"]}}],"collection":[{"href":"https:\/\/ggba.swiss\/fr\/wp-json\/wp\/v2\/posts"}],"about":[{"href":"https:\/\/ggba.swiss\/fr\/wp-json\/wp\/v2\/types\/post"}],"author":[{"embeddable":true,"href":"https:\/\/ggba.swiss\/fr\/wp-json\/wp\/v2\/users\/6"}],"replies":[{"embeddable":true,"href":"https:\/\/ggba.swiss\/fr\/wp-json\/wp\/v2\/comments?post=38495"}],"version-history":[{"count":1,"href":"https:\/\/ggba.swiss\/fr\/wp-json\/wp\/v2\/posts\/38495\/revisions"}],"predecessor-version":[{"id":38497,"href":"https:\/\/ggba.swiss\/fr\/wp-json\/wp\/v2\/posts\/38495\/revisions\/38497"}],"wp:featuredmedia":[{"embeddable":true,"href":"https:\/\/ggba.swiss\/fr\/wp-json\/wp\/v2\/media\/38492"}],"wp:attachment":[{"href":"https:\/\/ggba.swiss\/fr\/wp-json\/wp\/v2\/media?parent=38495"}],"wp:term":[{"taxonomy":"category","embeddable":true,"href":"https:\/\/ggba.swiss\/fr\/wp-json\/wp\/v2\/categories?post=38495"},{"taxonomy":"post_tag","embeddable":true,"href":"https:\/\/ggba.swiss\/fr\/wp-json\/wp\/v2\/tags?post=38495"}],"curies":[{"name":"wp","href":"https:\/\/api.w.org\/{rel}","templated":true}]}}