{"id":39648,"date":"2026-08-31T09:37:25","date_gmt":"2026-08-31T07:37:25","guid":{"rendered":"https:\/\/ggba.swiss\/logmind-launches-its-third-generation-ai-platform-for-it-operations\/"},"modified":"2026-08-31T09:39:17","modified_gmt":"2026-08-31T07:39:17","slug":"logmind-lance-la-troisieme-generation-de-sa-plateforme-dia-pour-les-operations-it","status":"publish","type":"post","link":"https:\/\/ggba.swiss\/fr\/logmind-lance-la-troisieme-generation-de-sa-plateforme-dia-pour-les-operations-it\/","title":{"rendered":"Logmind lance la troisi\u00e8me g\u00e9n\u00e9ration de sa plateforme d&rsquo;IA pour les op\u00e9rations IT"},"content":{"rendered":"\n<p class=\"wp-block-paragraph\"><a href=\"https:\/\/www.logmind.com\/\">Logmind<\/a>, une spin-off de l&rsquo;<a href=\"https:\/\/www.epfl.ch\/fr\/\">EPFL<\/a> dirig\u00e9e par sa CEO et fondatrice Ketevani Zaridze, a lanc\u00e9 Logmind v3, une nouvelle g\u00e9n\u00e9ration de sa plateforme d&rsquo;analyse des donn\u00e9es IT op\u00e9rationnelles permettant d&rsquo;identifier les probl\u00e8mes avant qu&rsquo;ils ne s&rsquo;aggravent. Cette version r\u00e9unit la surveillance op\u00e9rationnelle, l&rsquo;investigation, le d\u00e9pannage assist\u00e9 par IA, la visualisation et le traitement des donn\u00e9es en un seul flux de travail, et est disponible pour les clients depuis ao\u00fbt 2026.<\/p>\n\n\n\n<p class=\"wp-block-paragraph\">L&rsquo;entreprise aide les \u00e9quipes informatiques de ses clients \u00e0 d\u00e9tecter plus t\u00f4t les incidents affectant les applications et infrastructures critiques, et \u00e0 les analyser plus rapidement \u00e0 partir des donn\u00e9es op\u00e9rationnelles. Depuis la cl\u00f4ture de son tour de financement il y a un an, elle a travaill\u00e9 avec des organisations dans l&rsquo;industrie manufacturi\u00e8re, la sant\u00e9, les services publics, la production alimentaire, le commerce de d\u00e9tail et les transports, avec des d\u00e9ploiements r\u00e9cents aupr\u00e8s d&rsquo;un grand fabricant alimentaire en Espagne et d&rsquo;un groupe industriel belge.<\/p>\n\n\n\n<p class=\"wp-block-paragraph\">D\u00e9velopp\u00e9e sur environ cinq \u00e0 six mois, la version Logmind v3 int\u00e8gre les besoins et les retours de clients issus de diff\u00e9rents secteurs, plut\u00f4t que de se concentrer sur un seul domaine ou cas d&rsquo;usage. L&rsquo;entreprise a \u00e9galement structur\u00e9 son organisation commerciale, du premier rendez-vous et de la d\u00e9monstration jusqu&rsquo;au d\u00e9ploiement, en engageant un Chief Commercial Officer apr\u00e8s son tour de financement et en recrutant actuellement un responsable commercial pour reprendre cette fonction.<\/p>\n\n\n\n<p class=\"wp-block-paragraph\">Dans les mois \u00e0 venir, Logmind pr\u00e9voit d&rsquo;accompagner l&rsquo;adoption de la nouvelle plateforme, de d\u00e9velopper son activit\u00e9 aupr\u00e8s de clients en Suisse, d&rsquo;aborder davantage d&rsquo;entreprises en Europe et de continuer \u00e0 renforcer les capacit\u00e9s d&rsquo;IA de son produit.<\/p>\n","protected":false},"excerpt":{"rendered":"<p>Un an apr\u00e8s avoir boucl\u00e9 son tour de financement, la spin-off de l&rsquo;EPFL Logmind a \u00e9largi sa base de clients en Europe, renforc\u00e9 son organisation commerciale et lanc\u00e9 Logmind v3, une nouvelle g\u00e9n\u00e9ration de sa plateforme d&rsquo;IA d\u00e9di\u00e9e \u00e0 l&rsquo;intelligence op\u00e9rationnelle IT.<\/p>\n","protected":false},"author":6,"featured_media":39645,"comment_status":"closed","ping_status":"closed","sticky":false,"template":"","format":"standard","meta":{"_acf_changed":false,"inline_featured_image":false,"mc4wp_mailchimp_campaign":[],"footnotes":""},"categories":[845],"tags":[1179,1183,1153,1157],"class_list":["post-39648","post","type-post","status-publish","format-standard","has-post-thumbnail","hentry","category-tech","tag-artificial-intelligence-fr-2","tag-big-data-en-fr","tag-ict-fr","tag-software-fr-2"],"acf":[],"yoast_head":"<!-- This site is optimized with the Yoast SEO plugin v27.2 - https:\/\/yoast.com\/product\/yoast-seo-wordpress\/ -->\n<title>Logmind lance la troisi\u00e8me g\u00e9n\u00e9ration de sa plateforme d&#039;IA<\/title>\n<meta name=\"description\" content=\"Logmind lance Logmind v3, une nouvelle g\u00e9n\u00e9ration de sa plateforme d&#039;IA d\u00e9di\u00e9e \u00e0 l&#039;intelligence op\u00e9rationnelle IT.\" \/>\n<meta name=\"robots\" content=\"index, follow, max-snippet:-1, max-image-preview:large, max-video-preview:-1\" \/>\n<link rel=\"canonical\" href=\"https:\/\/ggba.swiss\/fr\/logmind-lance-la-troisieme-generation-de-sa-plateforme-dia-pour-les-operations-it\/\" \/>\n<meta property=\"og:locale\" content=\"fr_FR\" \/>\n<meta property=\"og:type\" content=\"article\" \/>\n<meta property=\"og:title\" content=\"Logmind lance la troisi\u00e8me g\u00e9n\u00e9ration de sa plateforme d&#039;IA\" \/>\n<meta property=\"og:description\" content=\"Logmind lance Logmind v3, une nouvelle g\u00e9n\u00e9ration de sa plateforme d&#039;IA d\u00e9di\u00e9e \u00e0 l&#039;intelligence op\u00e9rationnelle IT.\" \/>\n<meta property=\"og:url\" content=\"https:\/\/ggba.swiss\/fr\/logmind-lance-la-troisieme-generation-de-sa-plateforme-dia-pour-les-operations-it\/\" \/>\n<meta property=\"og:site_name\" content=\"Greater Geneva Bern area\" \/>\n<meta property=\"article:published_time\" content=\"2026-08-31T07:37:25+00:00\" \/>\n<meta property=\"article:modified_time\" content=\"2026-08-31T07:39:17+00:00\" \/>\n<meta property=\"og:image\" content=\"https:\/\/ggba.swiss\/app\/uploads\/2026\/08\/Logmind-v3-1180x811-1.png\" \/>\n\t<meta property=\"og:image:width\" content=\"1180\" \/>\n\t<meta property=\"og:image:height\" content=\"811\" \/>\n\t<meta property=\"og:image:type\" content=\"image\/png\" \/>\n<meta name=\"author\" content=\"Pierre-Yves Oehrli\" \/>\n<meta name=\"twitter:card\" content=\"summary_large_image\" \/>\n<meta name=\"twitter:label1\" content=\"\u00c9crit par\" \/>\n\t<meta name=\"twitter:data1\" content=\"Pierre-Yves Oehrli\" \/>\n\t<meta name=\"twitter:label2\" content=\"Dur\u00e9e de lecture estim\u00e9e\" \/>\n\t<meta name=\"twitter:data2\" content=\"2 minutes\" \/>\n<script type=\"application\/ld+json\" class=\"yoast-schema-graph\">{\"@context\":\"https:\/\/schema.org\",\"@graph\":[{\"@type\":\"Article\",\"@id\":\"https:\/\/ggba.swiss\/fr\/logmind-lance-la-troisieme-generation-de-sa-plateforme-dia-pour-les-operations-it\/#article\",\"isPartOf\":{\"@id\":\"https:\/\/ggba.swiss\/fr\/logmind-lance-la-troisieme-generation-de-sa-plateforme-dia-pour-les-operations-it\/\"},\"author\":{\"name\":\"Pierre-Yves Oehrli\",\"@id\":\"https:\/\/staging.ggba.swiss\/en\/#\/schema\/person\/0b2e6d04131e3d01237dcb741fa33d41\"},\"headline\":\"Logmind lance la troisi\u00e8me g\u00e9n\u00e9ration de sa plateforme d&rsquo;IA pour les op\u00e9rations IT\",\"datePublished\":\"2026-08-31T07:37:25+00:00\",\"dateModified\":\"2026-08-31T07:39:17+00:00\",\"mainEntityOfPage\":{\"@id\":\"https:\/\/ggba.swiss\/fr\/logmind-lance-la-troisieme-generation-de-sa-plateforme-dia-pour-les-operations-it\/\"},\"wordCount\":327,\"image\":{\"@id\":\"https:\/\/ggba.swiss\/fr\/logmind-lance-la-troisieme-generation-de-sa-plateforme-dia-pour-les-operations-it\/#primaryimage\"},\"thumbnailUrl\":\"https:\/\/ggba.swiss\/app\/uploads\/2026\/08\/Logmind-v3-1180x811-1.png\",\"keywords\":[\"Artificial Intelligence\",\"Big Data\",\"ICT\",\"Software\"],\"articleSection\":[\"Tech\"],\"inLanguage\":\"fr-FR\"},{\"@type\":\"WebPage\",\"@id\":\"https:\/\/ggba.swiss\/fr\/logmind-lance-la-troisieme-generation-de-sa-plateforme-dia-pour-les-operations-it\/\",\"url\":\"https:\/\/ggba.swiss\/fr\/logmind-lance-la-troisieme-generation-de-sa-plateforme-dia-pour-les-operations-it\/\",\"name\":\"Logmind lance la troisi\u00e8me g\u00e9n\u00e9ration de sa plateforme d'IA\",\"isPartOf\":{\"@id\":\"https:\/\/staging.ggba.swiss\/en\/#website\"},\"primaryImageOfPage\":{\"@id\":\"https:\/\/ggba.swiss\/fr\/logmind-lance-la-troisieme-generation-de-sa-plateforme-dia-pour-les-operations-it\/#primaryimage\"},\"image\":{\"@id\":\"https:\/\/ggba.swiss\/fr\/logmind-lance-la-troisieme-generation-de-sa-plateforme-dia-pour-les-operations-it\/#primaryimage\"},\"thumbnailUrl\":\"https:\/\/ggba.swiss\/app\/uploads\/2026\/08\/Logmind-v3-1180x811-1.png\",\"datePublished\":\"2026-08-31T07:37:25+00:00\",\"dateModified\":\"2026-08-31T07:39:17+00:00\",\"author\":{\"@id\":\"https:\/\/staging.ggba.swiss\/en\/#\/schema\/person\/0b2e6d04131e3d01237dcb741fa33d41\"},\"description\":\"Logmind lance Logmind v3, une nouvelle g\u00e9n\u00e9ration de sa plateforme d'IA d\u00e9di\u00e9e \u00e0 l'intelligence op\u00e9rationnelle IT.\",\"breadcrumb\":{\"@id\":\"https:\/\/ggba.swiss\/fr\/logmind-lance-la-troisieme-generation-de-sa-plateforme-dia-pour-les-operations-it\/#breadcrumb\"},\"inLanguage\":\"fr-FR\",\"potentialAction\":[{\"@type\":\"ReadAction\",\"target\":[\"https:\/\/ggba.swiss\/fr\/logmind-lance-la-troisieme-generation-de-sa-plateforme-dia-pour-les-operations-it\/\"]}]},{\"@type\":\"ImageObject\",\"inLanguage\":\"fr-FR\",\"@id\":\"https:\/\/ggba.swiss\/fr\/logmind-lance-la-troisieme-generation-de-sa-plateforme-dia-pour-les-operations-it\/#primaryimage\",\"url\":\"https:\/\/ggba.swiss\/app\/uploads\/2026\/08\/Logmind-v3-1180x811-1.png\",\"contentUrl\":\"https:\/\/ggba.swiss\/app\/uploads\/2026\/08\/Logmind-v3-1180x811-1.png\",\"width\":1180,\"height\":811,\"caption\":\"Logmind v3 r\u00e9unit la surveillance, l'investigation, le d\u00e9pannage assist\u00e9 par IA, la visualisation et le traitement des donn\u00e9es en un seul flux de travail. | \u00a9 Logmind\"},{\"@type\":\"BreadcrumbList\",\"@id\":\"https:\/\/ggba.swiss\/fr\/logmind-lance-la-troisieme-generation-de-sa-plateforme-dia-pour-les-operations-it\/#breadcrumb\",\"itemListElement\":[{\"@type\":\"ListItem\",\"position\":1,\"name\":\"Home\",\"item\":\"https:\/\/ggba.swiss\/fr\/\"},{\"@type\":\"ListItem\",\"position\":2,\"name\":\"Logmind lance la troisi\u00e8me g\u00e9n\u00e9ration de sa plateforme d&#8217;IA pour les op\u00e9rations IT\"}]},{\"@type\":\"WebSite\",\"@id\":\"https:\/\/staging.ggba.swiss\/en\/#website\",\"url\":\"https:\/\/staging.ggba.swiss\/en\/\",\"name\":\"Greater Geneva Bern area\",\"description\":\"\",\"potentialAction\":[{\"@type\":\"SearchAction\",\"target\":{\"@type\":\"EntryPoint\",\"urlTemplate\":\"https:\/\/staging.ggba.swiss\/en\/?s={search_term_string}\"},\"query-input\":{\"@type\":\"PropertyValueSpecification\",\"valueRequired\":true,\"valueName\":\"search_term_string\"}}],\"inLanguage\":\"fr-FR\"},{\"@type\":\"Person\",\"@id\":\"https:\/\/staging.ggba.swiss\/en\/#\/schema\/person\/0b2e6d04131e3d01237dcb741fa33d41\",\"name\":\"Pierre-Yves Oehrli\",\"url\":\"https:\/\/ggba.swiss\/fr\/author\/pierre-yves-oehrli\/\"}]}<\/script>\n<!-- \/ Yoast SEO plugin. -->","yoast_head_json":{"title":"Logmind lance la troisi\u00e8me g\u00e9n\u00e9ration de sa plateforme d'IA","description":"Logmind lance Logmind v3, une nouvelle g\u00e9n\u00e9ration de sa plateforme d'IA d\u00e9di\u00e9e \u00e0 l'intelligence op\u00e9rationnelle IT.","robots":{"index":"index","follow":"follow","max-snippet":"max-snippet:-1","max-image-preview":"max-image-preview:large","max-video-preview":"max-video-preview:-1"},"canonical":"https:\/\/ggba.swiss\/fr\/logmind-lance-la-troisieme-generation-de-sa-plateforme-dia-pour-les-operations-it\/","og_locale":"fr_FR","og_type":"article","og_title":"Logmind lance la troisi\u00e8me g\u00e9n\u00e9ration de sa plateforme d'IA","og_description":"Logmind lance Logmind v3, une nouvelle g\u00e9n\u00e9ration de sa plateforme d'IA d\u00e9di\u00e9e \u00e0 l'intelligence op\u00e9rationnelle IT.","og_url":"https:\/\/ggba.swiss\/fr\/logmind-lance-la-troisieme-generation-de-sa-plateforme-dia-pour-les-operations-it\/","og_site_name":"Greater Geneva Bern area","article_published_time":"2026-08-31T07:37:25+00:00","article_modified_time":"2026-08-31T07:39:17+00:00","og_image":[{"width":1180,"height":811,"url":"https:\/\/ggba.swiss\/app\/uploads\/2026\/08\/Logmind-v3-1180x811-1.png","type":"image\/png"}],"author":"Pierre-Yves Oehrli","twitter_card":"summary_large_image","twitter_misc":{"\u00c9crit par":"Pierre-Yves Oehrli","Dur\u00e9e de lecture estim\u00e9e":"2 minutes"},"schema":{"@context":"https:\/\/schema.org","@graph":[{"@type":"Article","@id":"https:\/\/ggba.swiss\/fr\/logmind-lance-la-troisieme-generation-de-sa-plateforme-dia-pour-les-operations-it\/#article","isPartOf":{"@id":"https:\/\/ggba.swiss\/fr\/logmind-lance-la-troisieme-generation-de-sa-plateforme-dia-pour-les-operations-it\/"},"author":{"name":"Pierre-Yves Oehrli","@id":"https:\/\/staging.ggba.swiss\/en\/#\/schema\/person\/0b2e6d04131e3d01237dcb741fa33d41"},"headline":"Logmind lance la troisi\u00e8me g\u00e9n\u00e9ration de sa plateforme d&rsquo;IA pour les op\u00e9rations IT","datePublished":"2026-08-31T07:37:25+00:00","dateModified":"2026-08-31T07:39:17+00:00","mainEntityOfPage":{"@id":"https:\/\/ggba.swiss\/fr\/logmind-lance-la-troisieme-generation-de-sa-plateforme-dia-pour-les-operations-it\/"},"wordCount":327,"image":{"@id":"https:\/\/ggba.swiss\/fr\/logmind-lance-la-troisieme-generation-de-sa-plateforme-dia-pour-les-operations-it\/#primaryimage"},"thumbnailUrl":"https:\/\/ggba.swiss\/app\/uploads\/2026\/08\/Logmind-v3-1180x811-1.png","keywords":["Artificial Intelligence","Big Data","ICT","Software"],"articleSection":["Tech"],"inLanguage":"fr-FR"},{"@type":"WebPage","@id":"https:\/\/ggba.swiss\/fr\/logmind-lance-la-troisieme-generation-de-sa-plateforme-dia-pour-les-operations-it\/","url":"https:\/\/ggba.swiss\/fr\/logmind-lance-la-troisieme-generation-de-sa-plateforme-dia-pour-les-operations-it\/","name":"Logmind lance la troisi\u00e8me g\u00e9n\u00e9ration de sa plateforme d'IA","isPartOf":{"@id":"https:\/\/staging.ggba.swiss\/en\/#website"},"primaryImageOfPage":{"@id":"https:\/\/ggba.swiss\/fr\/logmind-lance-la-troisieme-generation-de-sa-plateforme-dia-pour-les-operations-it\/#primaryimage"},"image":{"@id":"https:\/\/ggba.swiss\/fr\/logmind-lance-la-troisieme-generation-de-sa-plateforme-dia-pour-les-operations-it\/#primaryimage"},"thumbnailUrl":"https:\/\/ggba.swiss\/app\/uploads\/2026\/08\/Logmind-v3-1180x811-1.png","datePublished":"2026-08-31T07:37:25+00:00","dateModified":"2026-08-31T07:39:17+00:00","author":{"@id":"https:\/\/staging.ggba.swiss\/en\/#\/schema\/person\/0b2e6d04131e3d01237dcb741fa33d41"},"description":"Logmind lance Logmind v3, une nouvelle g\u00e9n\u00e9ration de sa plateforme d'IA d\u00e9di\u00e9e \u00e0 l'intelligence op\u00e9rationnelle IT.","breadcrumb":{"@id":"https:\/\/ggba.swiss\/fr\/logmind-lance-la-troisieme-generation-de-sa-plateforme-dia-pour-les-operations-it\/#breadcrumb"},"inLanguage":"fr-FR","potentialAction":[{"@type":"ReadAction","target":["https:\/\/ggba.swiss\/fr\/logmind-lance-la-troisieme-generation-de-sa-plateforme-dia-pour-les-operations-it\/"]}]},{"@type":"ImageObject","inLanguage":"fr-FR","@id":"https:\/\/ggba.swiss\/fr\/logmind-lance-la-troisieme-generation-de-sa-plateforme-dia-pour-les-operations-it\/#primaryimage","url":"https:\/\/ggba.swiss\/app\/uploads\/2026\/08\/Logmind-v3-1180x811-1.png","contentUrl":"https:\/\/ggba.swiss\/app\/uploads\/2026\/08\/Logmind-v3-1180x811-1.png","width":1180,"height":811,"caption":"Logmind v3 r\u00e9unit la surveillance, l'investigation, le d\u00e9pannage assist\u00e9 par IA, la visualisation et le traitement des donn\u00e9es en un seul flux de travail. | \u00a9 Logmind"},{"@type":"BreadcrumbList","@id":"https:\/\/ggba.swiss\/fr\/logmind-lance-la-troisieme-generation-de-sa-plateforme-dia-pour-les-operations-it\/#breadcrumb","itemListElement":[{"@type":"ListItem","position":1,"name":"Home","item":"https:\/\/ggba.swiss\/fr\/"},{"@type":"ListItem","position":2,"name":"Logmind lance la troisi\u00e8me g\u00e9n\u00e9ration de sa plateforme d&#8217;IA pour les op\u00e9rations IT"}]},{"@type":"WebSite","@id":"https:\/\/staging.ggba.swiss\/en\/#website","url":"https:\/\/staging.ggba.swiss\/en\/","name":"Greater Geneva Bern area","description":"","potentialAction":[{"@type":"SearchAction","target":{"@type":"EntryPoint","urlTemplate":"https:\/\/staging.ggba.swiss\/en\/?s={search_term_string}"},"query-input":{"@type":"PropertyValueSpecification","valueRequired":true,"valueName":"search_term_string"}}],"inLanguage":"fr-FR"},{"@type":"Person","@id":"https:\/\/staging.ggba.swiss\/en\/#\/schema\/person\/0b2e6d04131e3d01237dcb741fa33d41","name":"Pierre-Yves Oehrli","url":"https:\/\/ggba.swiss\/fr\/author\/pierre-yves-oehrli\/"}]}},"_links":{"self":[{"href":"https:\/\/ggba.swiss\/fr\/wp-json\/wp\/v2\/posts\/39648","targetHints":{"allow":["GET"]}}],"collection":[{"href":"https:\/\/ggba.swiss\/fr\/wp-json\/wp\/v2\/posts"}],"about":[{"href":"https:\/\/ggba.swiss\/fr\/wp-json\/wp\/v2\/types\/post"}],"author":[{"embeddable":true,"href":"https:\/\/ggba.swiss\/fr\/wp-json\/wp\/v2\/users\/6"}],"replies":[{"embeddable":true,"href":"https:\/\/ggba.swiss\/fr\/wp-json\/wp\/v2\/comments?post=39648"}],"version-history":[{"count":1,"href":"https:\/\/ggba.swiss\/fr\/wp-json\/wp\/v2\/posts\/39648\/revisions"}],"predecessor-version":[{"id":39650,"href":"https:\/\/ggba.swiss\/fr\/wp-json\/wp\/v2\/posts\/39648\/revisions\/39650"}],"wp:featuredmedia":[{"embeddable":true,"href":"https:\/\/ggba.swiss\/fr\/wp-json\/wp\/v2\/media\/39645"}],"wp:attachment":[{"href":"https:\/\/ggba.swiss\/fr\/wp-json\/wp\/v2\/media?parent=39648"}],"wp:term":[{"taxonomy":"category","embeddable":true,"href":"https:\/\/ggba.swiss\/fr\/wp-json\/wp\/v2\/categories?post=39648"},{"taxonomy":"post_tag","embeddable":true,"href":"https:\/\/ggba.swiss\/fr\/wp-json\/wp\/v2\/tags?post=39648"}],"curies":[{"name":"wp","href":"https:\/\/api.w.org\/{rel}","templated":true}]}}