{"id":39688,"date":"2026-08-31T10:04:24","date_gmt":"2026-08-31T08:04:24","guid":{"rendered":"https:\/\/ggba.swiss\/bystronic-acquires-vaud-robotics-start-up-isochronic\/"},"modified":"2026-08-31T10:06:51","modified_gmt":"2026-08-31T08:06:51","slug":"bystronic-rachete-la-start-up-vaudoise-de-robotique-isochronic","status":"publish","type":"post","link":"https:\/\/ggba.swiss\/fr\/bystronic-rachete-la-start-up-vaudoise-de-robotique-isochronic\/","title":{"rendered":"Bystronic rach\u00e8te la start-up vaudoise de robotique Isochronic"},"content":{"rendered":"\n<p class=\"wp-block-paragraph\"><a href=\"https:\/\/bystronic.com\/\">Bystronic<\/a> a conclu un accord en vue du rachat d&rsquo;<a href=\"https:\/\/isochronic.com\/\">Isochronic<\/a>, une entreprise suisse de technologies d&rsquo;automatisation fond\u00e9e en 2020 et dont le si\u00e8ge se situe pr\u00e8s de Lausanne. Isochronic continuera d&rsquo;op\u00e9rer sous son propre nom.<\/p>\n\n\n\n<p class=\"wp-block-paragraph\">Isochronic d\u00e9veloppe des solutions robotiques avanc\u00e9es de pr\u00e9hension et de d\u00e9pose simultan\u00e9es pour la manutention et le tri automatis\u00e9s de mat\u00e9riaux. Sa technologie associe une cin\u00e9matique robotique innovante \u00e0 une plateforme logicielle propri\u00e9taire, permettant un tri \u00e0 haute cadence et \u00e0 forte charge pour les applications de d\u00e9coupe laser. L&rsquo;entreprise a \u00e9t\u00e9 distingu\u00e9e au Top 100 Swiss Startup Award en 2023 et en 2024.<\/p>\n\n\n\n<p class=\"wp-block-paragraph\">Bystronic est un fournisseur de solutions pour la transformation de la t\u00f4le et des mat\u00e9riaux, combinant technologies de d\u00e9coupe laser, presses plieuses, automatisation et logiciels avec des applications laser destin\u00e9es \u00e0 de nouveaux mat\u00e9riaux et proc\u00e9d\u00e9s. Le groupe emploie plus de 3&rsquo;300 personnes sur plus de 40 sites dans le monde et a r\u00e9alis\u00e9 un chiffre d&rsquo;affaires net de CHF 613,2 millions en 2025.<\/p>\n\n\n\n<p class=\"wp-block-paragraph\">Ce rachat s&rsquo;inscrit dans la strat\u00e9gie de Bystronic visant \u00e0 proposer des solutions de production int\u00e9gr\u00e9es, la technologie d&rsquo;Isochronic \u00e9largissant ses capacit\u00e9s de tri automatis\u00e9 sur une large gamme de formats de t\u00f4les tout en apportant une expertise en architecture logicielle et en robotique. Dans le cadre de l&rsquo;op\u00e9ration, Bystronic acquiert les droits sur le logiciel et la technologie propri\u00e9taires d&rsquo;Isochronic, permettant leur d\u00e9veloppement et leur int\u00e9gration au sein du portefeuille d&rsquo;automatisation du groupe.<\/p>\n","protected":false},"excerpt":{"rendered":"<p>Le groupe industriel suisse Bystronic a conclu un accord en vue du rachat d&rsquo;Isochronic, une entreprise de technologies d&rsquo;automatisation \u00e9tablie pr\u00e8s de Lausanne, sp\u00e9cialis\u00e9e dans les syst\u00e8mes de tri robotis\u00e9 \u00e0 haute cadence et les logiciels pour la transformation de la t\u00f4le.<\/p>\n","protected":false},"author":6,"featured_media":39685,"comment_status":"closed","ping_status":"closed","sticky":false,"template":"","format":"standard","meta":{"_acf_changed":false,"inline_featured_image":false,"mc4wp_mailchimp_campaign":[],"footnotes":""},"categories":[845],"tags":[1155,1154,1161,1157],"class_list":["post-39688","post","type-post","status-publish","format-standard","has-post-thumbnail","hentry","category-tech","tag-advanced-manufacturing-fr-2","tag-investment-fr-2","tag-robotics-fr-2","tag-software-fr-2"],"acf":[],"yoast_head":"<!-- This site is optimized with the Yoast SEO plugin v27.2 - https:\/\/yoast.com\/product\/yoast-seo-wordpress\/ -->\n<title>Bystronic rach\u00e8te la start-up vaudoise de robotique Isochronic<\/title>\n<meta name=\"description\" content=\"Bystronic rach\u00e8te Isochronic, une start-up de robotique \u00e9tablie pr\u00e8s de Lausanne, sp\u00e9cialis\u00e9e dans le tri \u00e0 haute cadence pour la t\u00f4lerie.\" \/>\n<meta name=\"robots\" content=\"index, follow, max-snippet:-1, max-image-preview:large, max-video-preview:-1\" \/>\n<link rel=\"canonical\" href=\"https:\/\/ggba.swiss\/fr\/bystronic-rachete-la-start-up-vaudoise-de-robotique-isochronic\/\" \/>\n<meta property=\"og:locale\" content=\"fr_FR\" \/>\n<meta property=\"og:type\" content=\"article\" \/>\n<meta property=\"og:title\" content=\"Bystronic rach\u00e8te la start-up vaudoise de robotique Isochronic\" \/>\n<meta property=\"og:description\" content=\"Bystronic rach\u00e8te Isochronic, une start-up de robotique \u00e9tablie pr\u00e8s de Lausanne, sp\u00e9cialis\u00e9e dans le tri \u00e0 haute cadence pour la t\u00f4lerie.\" \/>\n<meta property=\"og:url\" content=\"https:\/\/ggba.swiss\/fr\/bystronic-rachete-la-start-up-vaudoise-de-robotique-isochronic\/\" \/>\n<meta property=\"og:site_name\" content=\"Greater Geneva Bern area\" \/>\n<meta property=\"article:published_time\" content=\"2026-08-31T08:04:24+00:00\" \/>\n<meta property=\"article:modified_time\" content=\"2026-08-31T08:06:51+00:00\" \/>\n<meta property=\"og:image\" content=\"https:\/\/ggba.swiss\/app\/uploads\/2026\/08\/Bysitronic-1180x811-1.jpeg\" \/>\n\t<meta property=\"og:image:width\" content=\"1180\" \/>\n\t<meta property=\"og:image:height\" content=\"811\" \/>\n\t<meta property=\"og:image:type\" content=\"image\/jpeg\" \/>\n<meta name=\"author\" content=\"Pierre-Yves Oehrli\" \/>\n<meta name=\"twitter:card\" content=\"summary_large_image\" \/>\n<meta name=\"twitter:label1\" content=\"\u00c9crit par\" \/>\n\t<meta name=\"twitter:data1\" content=\"Pierre-Yves Oehrli\" \/>\n\t<meta name=\"twitter:label2\" content=\"Dur\u00e9e de lecture estim\u00e9e\" \/>\n\t<meta name=\"twitter:data2\" content=\"2 minutes\" \/>\n<script type=\"application\/ld+json\" class=\"yoast-schema-graph\">{\"@context\":\"https:\/\/schema.org\",\"@graph\":[{\"@type\":\"Article\",\"@id\":\"https:\/\/ggba.swiss\/fr\/bystronic-rachete-la-start-up-vaudoise-de-robotique-isochronic\/#article\",\"isPartOf\":{\"@id\":\"https:\/\/ggba.swiss\/fr\/bystronic-rachete-la-start-up-vaudoise-de-robotique-isochronic\/\"},\"author\":{\"name\":\"Pierre-Yves Oehrli\",\"@id\":\"https:\/\/staging.ggba.swiss\/en\/#\/schema\/person\/0b2e6d04131e3d01237dcb741fa33d41\"},\"headline\":\"Bystronic rach\u00e8te la start-up vaudoise de robotique Isochronic\",\"datePublished\":\"2026-08-31T08:04:24+00:00\",\"dateModified\":\"2026-08-31T08:06:51+00:00\",\"mainEntityOfPage\":{\"@id\":\"https:\/\/ggba.swiss\/fr\/bystronic-rachete-la-start-up-vaudoise-de-robotique-isochronic\/\"},\"wordCount\":275,\"image\":{\"@id\":\"https:\/\/ggba.swiss\/fr\/bystronic-rachete-la-start-up-vaudoise-de-robotique-isochronic\/#primaryimage\"},\"thumbnailUrl\":\"https:\/\/ggba.swiss\/app\/uploads\/2026\/08\/Bysitronic-1180x811-1.jpeg\",\"keywords\":[\"Advanced Manufacturing\",\"Investment\",\"Robotics\",\"Software\"],\"articleSection\":[\"Tech\"],\"inLanguage\":\"fr-FR\"},{\"@type\":\"WebPage\",\"@id\":\"https:\/\/ggba.swiss\/fr\/bystronic-rachete-la-start-up-vaudoise-de-robotique-isochronic\/\",\"url\":\"https:\/\/ggba.swiss\/fr\/bystronic-rachete-la-start-up-vaudoise-de-robotique-isochronic\/\",\"name\":\"Bystronic rach\u00e8te la start-up vaudoise de robotique Isochronic\",\"isPartOf\":{\"@id\":\"https:\/\/staging.ggba.swiss\/en\/#website\"},\"primaryImageOfPage\":{\"@id\":\"https:\/\/ggba.swiss\/fr\/bystronic-rachete-la-start-up-vaudoise-de-robotique-isochronic\/#primaryimage\"},\"image\":{\"@id\":\"https:\/\/ggba.swiss\/fr\/bystronic-rachete-la-start-up-vaudoise-de-robotique-isochronic\/#primaryimage\"},\"thumbnailUrl\":\"https:\/\/ggba.swiss\/app\/uploads\/2026\/08\/Bysitronic-1180x811-1.jpeg\",\"datePublished\":\"2026-08-31T08:04:24+00:00\",\"dateModified\":\"2026-08-31T08:06:51+00:00\",\"author\":{\"@id\":\"https:\/\/staging.ggba.swiss\/en\/#\/schema\/person\/0b2e6d04131e3d01237dcb741fa33d41\"},\"description\":\"Bystronic rach\u00e8te Isochronic, une start-up de robotique \u00e9tablie pr\u00e8s de Lausanne, sp\u00e9cialis\u00e9e dans le tri \u00e0 haute cadence pour la t\u00f4lerie.\",\"breadcrumb\":{\"@id\":\"https:\/\/ggba.swiss\/fr\/bystronic-rachete-la-start-up-vaudoise-de-robotique-isochronic\/#breadcrumb\"},\"inLanguage\":\"fr-FR\",\"potentialAction\":[{\"@type\":\"ReadAction\",\"target\":[\"https:\/\/ggba.swiss\/fr\/bystronic-rachete-la-start-up-vaudoise-de-robotique-isochronic\/\"]}]},{\"@type\":\"ImageObject\",\"inLanguage\":\"fr-FR\",\"@id\":\"https:\/\/ggba.swiss\/fr\/bystronic-rachete-la-start-up-vaudoise-de-robotique-isochronic\/#primaryimage\",\"url\":\"https:\/\/ggba.swiss\/app\/uploads\/2026\/08\/Bysitronic-1180x811-1.jpeg\",\"contentUrl\":\"https:\/\/ggba.swiss\/app\/uploads\/2026\/08\/Bysitronic-1180x811-1.jpeg\",\"width\":1180,\"height\":811,\"caption\":\"Armin Haller, CEO d'Isochronic, et Domenico Iacovelli, CEO de Bystronic. | \u00a9 Bystronic\"},{\"@type\":\"BreadcrumbList\",\"@id\":\"https:\/\/ggba.swiss\/fr\/bystronic-rachete-la-start-up-vaudoise-de-robotique-isochronic\/#breadcrumb\",\"itemListElement\":[{\"@type\":\"ListItem\",\"position\":1,\"name\":\"Home\",\"item\":\"https:\/\/ggba.swiss\/fr\/\"},{\"@type\":\"ListItem\",\"position\":2,\"name\":\"Bystronic rach\u00e8te la start-up vaudoise de robotique Isochronic\"}]},{\"@type\":\"WebSite\",\"@id\":\"https:\/\/staging.ggba.swiss\/en\/#website\",\"url\":\"https:\/\/staging.ggba.swiss\/en\/\",\"name\":\"Greater Geneva Bern area\",\"description\":\"\",\"potentialAction\":[{\"@type\":\"SearchAction\",\"target\":{\"@type\":\"EntryPoint\",\"urlTemplate\":\"https:\/\/staging.ggba.swiss\/en\/?s={search_term_string}\"},\"query-input\":{\"@type\":\"PropertyValueSpecification\",\"valueRequired\":true,\"valueName\":\"search_term_string\"}}],\"inLanguage\":\"fr-FR\"},{\"@type\":\"Person\",\"@id\":\"https:\/\/staging.ggba.swiss\/en\/#\/schema\/person\/0b2e6d04131e3d01237dcb741fa33d41\",\"name\":\"Pierre-Yves Oehrli\",\"url\":\"https:\/\/ggba.swiss\/fr\/author\/pierre-yves-oehrli\/\"}]}<\/script>\n<!-- \/ Yoast SEO plugin. -->","yoast_head_json":{"title":"Bystronic rach\u00e8te la start-up vaudoise de robotique Isochronic","description":"Bystronic rach\u00e8te Isochronic, une start-up de robotique \u00e9tablie pr\u00e8s de Lausanne, sp\u00e9cialis\u00e9e dans le tri \u00e0 haute cadence pour la t\u00f4lerie.","robots":{"index":"index","follow":"follow","max-snippet":"max-snippet:-1","max-image-preview":"max-image-preview:large","max-video-preview":"max-video-preview:-1"},"canonical":"https:\/\/ggba.swiss\/fr\/bystronic-rachete-la-start-up-vaudoise-de-robotique-isochronic\/","og_locale":"fr_FR","og_type":"article","og_title":"Bystronic rach\u00e8te la start-up vaudoise de robotique Isochronic","og_description":"Bystronic rach\u00e8te Isochronic, une start-up de robotique \u00e9tablie pr\u00e8s de Lausanne, sp\u00e9cialis\u00e9e dans le tri \u00e0 haute cadence pour la t\u00f4lerie.","og_url":"https:\/\/ggba.swiss\/fr\/bystronic-rachete-la-start-up-vaudoise-de-robotique-isochronic\/","og_site_name":"Greater Geneva Bern area","article_published_time":"2026-08-31T08:04:24+00:00","article_modified_time":"2026-08-31T08:06:51+00:00","og_image":[{"width":1180,"height":811,"url":"https:\/\/ggba.swiss\/app\/uploads\/2026\/08\/Bysitronic-1180x811-1.jpeg","type":"image\/jpeg"}],"author":"Pierre-Yves Oehrli","twitter_card":"summary_large_image","twitter_misc":{"\u00c9crit par":"Pierre-Yves Oehrli","Dur\u00e9e de lecture estim\u00e9e":"2 minutes"},"schema":{"@context":"https:\/\/schema.org","@graph":[{"@type":"Article","@id":"https:\/\/ggba.swiss\/fr\/bystronic-rachete-la-start-up-vaudoise-de-robotique-isochronic\/#article","isPartOf":{"@id":"https:\/\/ggba.swiss\/fr\/bystronic-rachete-la-start-up-vaudoise-de-robotique-isochronic\/"},"author":{"name":"Pierre-Yves Oehrli","@id":"https:\/\/staging.ggba.swiss\/en\/#\/schema\/person\/0b2e6d04131e3d01237dcb741fa33d41"},"headline":"Bystronic rach\u00e8te la start-up vaudoise de robotique Isochronic","datePublished":"2026-08-31T08:04:24+00:00","dateModified":"2026-08-31T08:06:51+00:00","mainEntityOfPage":{"@id":"https:\/\/ggba.swiss\/fr\/bystronic-rachete-la-start-up-vaudoise-de-robotique-isochronic\/"},"wordCount":275,"image":{"@id":"https:\/\/ggba.swiss\/fr\/bystronic-rachete-la-start-up-vaudoise-de-robotique-isochronic\/#primaryimage"},"thumbnailUrl":"https:\/\/ggba.swiss\/app\/uploads\/2026\/08\/Bysitronic-1180x811-1.jpeg","keywords":["Advanced Manufacturing","Investment","Robotics","Software"],"articleSection":["Tech"],"inLanguage":"fr-FR"},{"@type":"WebPage","@id":"https:\/\/ggba.swiss\/fr\/bystronic-rachete-la-start-up-vaudoise-de-robotique-isochronic\/","url":"https:\/\/ggba.swiss\/fr\/bystronic-rachete-la-start-up-vaudoise-de-robotique-isochronic\/","name":"Bystronic rach\u00e8te la start-up vaudoise de robotique Isochronic","isPartOf":{"@id":"https:\/\/staging.ggba.swiss\/en\/#website"},"primaryImageOfPage":{"@id":"https:\/\/ggba.swiss\/fr\/bystronic-rachete-la-start-up-vaudoise-de-robotique-isochronic\/#primaryimage"},"image":{"@id":"https:\/\/ggba.swiss\/fr\/bystronic-rachete-la-start-up-vaudoise-de-robotique-isochronic\/#primaryimage"},"thumbnailUrl":"https:\/\/ggba.swiss\/app\/uploads\/2026\/08\/Bysitronic-1180x811-1.jpeg","datePublished":"2026-08-31T08:04:24+00:00","dateModified":"2026-08-31T08:06:51+00:00","author":{"@id":"https:\/\/staging.ggba.swiss\/en\/#\/schema\/person\/0b2e6d04131e3d01237dcb741fa33d41"},"description":"Bystronic rach\u00e8te Isochronic, une start-up de robotique \u00e9tablie pr\u00e8s de Lausanne, sp\u00e9cialis\u00e9e dans le tri \u00e0 haute cadence pour la t\u00f4lerie.","breadcrumb":{"@id":"https:\/\/ggba.swiss\/fr\/bystronic-rachete-la-start-up-vaudoise-de-robotique-isochronic\/#breadcrumb"},"inLanguage":"fr-FR","potentialAction":[{"@type":"ReadAction","target":["https:\/\/ggba.swiss\/fr\/bystronic-rachete-la-start-up-vaudoise-de-robotique-isochronic\/"]}]},{"@type":"ImageObject","inLanguage":"fr-FR","@id":"https:\/\/ggba.swiss\/fr\/bystronic-rachete-la-start-up-vaudoise-de-robotique-isochronic\/#primaryimage","url":"https:\/\/ggba.swiss\/app\/uploads\/2026\/08\/Bysitronic-1180x811-1.jpeg","contentUrl":"https:\/\/ggba.swiss\/app\/uploads\/2026\/08\/Bysitronic-1180x811-1.jpeg","width":1180,"height":811,"caption":"Armin Haller, CEO d'Isochronic, et Domenico Iacovelli, CEO de Bystronic. | \u00a9 Bystronic"},{"@type":"BreadcrumbList","@id":"https:\/\/ggba.swiss\/fr\/bystronic-rachete-la-start-up-vaudoise-de-robotique-isochronic\/#breadcrumb","itemListElement":[{"@type":"ListItem","position":1,"name":"Home","item":"https:\/\/ggba.swiss\/fr\/"},{"@type":"ListItem","position":2,"name":"Bystronic rach\u00e8te la start-up vaudoise de robotique Isochronic"}]},{"@type":"WebSite","@id":"https:\/\/staging.ggba.swiss\/en\/#website","url":"https:\/\/staging.ggba.swiss\/en\/","name":"Greater Geneva Bern area","description":"","potentialAction":[{"@type":"SearchAction","target":{"@type":"EntryPoint","urlTemplate":"https:\/\/staging.ggba.swiss\/en\/?s={search_term_string}"},"query-input":{"@type":"PropertyValueSpecification","valueRequired":true,"valueName":"search_term_string"}}],"inLanguage":"fr-FR"},{"@type":"Person","@id":"https:\/\/staging.ggba.swiss\/en\/#\/schema\/person\/0b2e6d04131e3d01237dcb741fa33d41","name":"Pierre-Yves Oehrli","url":"https:\/\/ggba.swiss\/fr\/author\/pierre-yves-oehrli\/"}]}},"_links":{"self":[{"href":"https:\/\/ggba.swiss\/fr\/wp-json\/wp\/v2\/posts\/39688","targetHints":{"allow":["GET"]}}],"collection":[{"href":"https:\/\/ggba.swiss\/fr\/wp-json\/wp\/v2\/posts"}],"about":[{"href":"https:\/\/ggba.swiss\/fr\/wp-json\/wp\/v2\/types\/post"}],"author":[{"embeddable":true,"href":"https:\/\/ggba.swiss\/fr\/wp-json\/wp\/v2\/users\/6"}],"replies":[{"embeddable":true,"href":"https:\/\/ggba.swiss\/fr\/wp-json\/wp\/v2\/comments?post=39688"}],"version-history":[{"count":1,"href":"https:\/\/ggba.swiss\/fr\/wp-json\/wp\/v2\/posts\/39688\/revisions"}],"predecessor-version":[{"id":39690,"href":"https:\/\/ggba.swiss\/fr\/wp-json\/wp\/v2\/posts\/39688\/revisions\/39690"}],"wp:featuredmedia":[{"embeddable":true,"href":"https:\/\/ggba.swiss\/fr\/wp-json\/wp\/v2\/media\/39685"}],"wp:attachment":[{"href":"https:\/\/ggba.swiss\/fr\/wp-json\/wp\/v2\/media?parent=39688"}],"wp:term":[{"taxonomy":"category","embeddable":true,"href":"https:\/\/ggba.swiss\/fr\/wp-json\/wp\/v2\/categories?post=39688"},{"taxonomy":"post_tag","embeddable":true,"href":"https:\/\/ggba.swiss\/fr\/wp-json\/wp\/v2\/tags?post=39688"}],"curies":[{"name":"wp","href":"https:\/\/api.w.org\/{rel}","templated":true}]}}